{"id":10569,"date":"2019-10-31T06:31:37","date_gmt":"2019-10-31T05:31:37","guid":{"rendered":"http:\/\/guineechrono.com\/?p=10569"},"modified":"2019-10-31T06:31:37","modified_gmt":"2019-10-31T05:31:37","slug":"marche-funebre-a-conakry-voici-le-nouveau-programme-du-fndc-communique","status":"publish","type":"post","link":"https:\/\/guineechrono.com\/index.php\/marche-funebre-a-conakry-voici-le-nouveau-programme-du-fndc-communique\/","title":{"rendered":"Marche fun\u00e8bre \u00e0 Conakry : voici le nouveau programme du FNDC (communiqu\u00e9)"},"content":{"rendered":"<p><strong>Dans un communiqu\u00e9 rendu public ce mercredi soir 30 octobre 2019, le FNDC informe l\u2019opinion nationale et internationale qu\u2019il repousse la marche fun\u00e8bre pour le repos des \u00e2mes de ses martyrs \u00e0 une date ult\u00e9rieure qui sera confirm\u00e9e d\u00e8s que possible.<\/strong><\/p>\n<p><strong>Voici l\u2019int\u00e9gralit\u00e9 dudit communiqu\u00e9<\/strong><\/p>\n<p>\u00ab\u00a0La sc\u00e8ne de d\u00e9solation \u00e0 laquelle nous avons assist\u00e9 aujourd\u2019hui \u00e0 la morgue de l\u2019h\u00f4pital Ignace Deen, t\u00e9moigne du degr\u00e9 de cruaut\u00e9 et d\u2019irresponsabilit\u00e9 atteint par les autorit\u00e9s guin\u00e9ennes.<\/p>\n<p>Plus de deux semaines apr\u00e8s l\u2019assassinat sauvage des participants aux manifestations du 14, 15 et 16 octobre organis\u00e9es par le FNDC, onze corps attendent d\u2019\u00eatre inhum\u00e9s.<\/p>\n<p>Faisant exception \u00e0 la tradition qui voudrait qu\u2019un corps soit enterr\u00e9 sit\u00f4t apr\u00e8s la constatation du d\u00e9c\u00e8s, les familles des victimes ont d\u00fb patienter tout ce temps pour que soient \u00e9lucid\u00e9es les circonstances de la mort de leurs enfants.<\/p>\n<p>Croyant que leur traumatisme \u00e9tait sur le point de prendre fin, ces familles se sont rendues t\u00f4t le matin \u00e0 la morgue de l\u2019h\u00f4pital Ignace Deen pour proc\u00e9der \u00e0 la lev\u00e9e des corps et enterrer leurs enfants conform\u00e9ment au programme pr\u00e9alablement convenu avec la commission d\u2019organisation des fun\u00e9railles mise en place par le FNDC.<\/p>\n<p>Le spectacle immoral auquel se sont livr\u00e9es les autorit\u00e9s guin\u00e9ennes est indigne d\u2019un pays fonci\u00e8rement attach\u00e9 aux valeurs religieuses dans lesquelles le respect d\u00fb aux morts est sacr\u00e9.<\/p>\n<p>D\u00e9cid\u00e9s \u00e0 ne pas autoriser la marche fun\u00e8bre pr\u00e9conis\u00e9e par le FNDC, les autorit\u00e9s guin\u00e9ennes ont pr\u00e9f\u00e9r\u00e9 militariser tous les alentours de la morgue en refusant tout acc\u00e8s aux lieux, sous pr\u00e9texte qu\u2019un communiqu\u00e9 du Ministre de la Sant\u00e9 a pr\u00e9tendu que l\u2019autopsie des corps n\u2019est pas achev\u00e9e.<br \/>\nCe communiqu\u00e9 du Minist\u00e8re de la Sant\u00e9 qui est en porte-\u00e0-faux avec la proc\u00e9dure en vigueur a \u00e9t\u00e9 diffus\u00e9 alors que la notification de la fin de la proc\u00e9dure de retrait des corps avait d\u00e9j\u00e0 \u00e9t\u00e9 faite, par les m\u00eames autorit\u00e9s, aux avocats des familles depuis la mi-journ\u00e9e d\u2019hier, 29 octobre.<\/p>\n<p>Le FNDC prend acte de la panique g\u00e9n\u00e9ralis\u00e9e qui pousse les autorit\u00e9s guin\u00e9ennes \u00e0 perdre le peu d\u2019humanit\u00e9 qui leur restait.<\/p>\n<p>Le FNDC exige que les autorit\u00e9s lib\u00e8rent les d\u00e9pouilles des martyrs des manifestations de la semaine derni\u00e8re pour qu\u2019ils soient dignement enterr\u00e9s dans les plus brefs d\u00e9lais.<\/p>\n<p>Le FNDC informe l\u2019opinion nationale et internationale qu\u2019il repousse la marche fun\u00e8bre pour le repos des \u00e2mes de ses martyrs \u00e0 une date ult\u00e9rieure qui sera confirm\u00e9e d\u00e8s que possible\u00a0\u00bb.<\/p>\n<p><strong>Ensemble, Unis et Solidaires, Nous vaincrons.<\/strong><\/p>\n<p><em>Conakry, le 30 octobre 2019<\/em><\/p>\n<p><strong>La Coordination nationale du FNDC<\/strong><\/p>\n<p>&nbsp;<\/p>\n","protected":false},"excerpt":{"rendered":"<p>Dans un communiqu\u00e9 rendu public ce mercredi soir 30 octobre 2019, le FNDC informe l\u2019opinion nationale et internationale qu\u2019il repousse la marche fun\u00e8bre pour le repos des \u00e2mes de ses martyrs \u00e0 une date ult\u00e9rieure qui sera confirm\u00e9e d\u00e8s que possible. Voici l\u2019int\u00e9gralit\u00e9 dudit communiqu\u00e9 \u00ab\u00a0La sc\u00e8ne de d\u00e9solation \u00e0 laquelle nous avons assist\u00e9 aujourd\u2019hui [&hellip;]<\/p>\n","protected":false},"author":2,"featured_media":10216,"comment_status":"open","ping_status":"closed","sticky":false,"template":"","format":"standard","meta":{"buzzeditor_post_format":"","footnotes":""},"categories":[1],"tags":[],"class_list":["post-10569","post","type-post","status-publish","format-standard","has-post-thumbnail","hentry","category-non-classe"],"jetpack_featured_media_url":"https:\/\/guineechrono.com\/wp-content\/uploads\/2019\/10\/FNDC4-7.png","amp_enabled":true,"_links":{"self":[{"href":"https:\/\/guineechrono.com\/index.php\/wp-json\/wp\/v2\/posts\/10569","targetHints":{"allow":["GET"]}}],"collection":[{"href":"https:\/\/guineechrono.com\/index.php\/wp-json\/wp\/v2\/posts"}],"about":[{"href":"https:\/\/guineechrono.com\/index.php\/wp-json\/wp\/v2\/types\/post"}],"author":[{"embeddable":true,"href":"https:\/\/guineechrono.com\/index.php\/wp-json\/wp\/v2\/users\/2"}],"replies":[{"embeddable":true,"href":"https:\/\/guineechrono.com\/index.php\/wp-json\/wp\/v2\/comments?post=10569"}],"version-history":[{"count":0,"href":"https:\/\/guineechrono.com\/index.php\/wp-json\/wp\/v2\/posts\/10569\/revisions"}],"wp:featuredmedia":[{"embeddable":true,"href":"https:\/\/guineechrono.com\/index.php\/wp-json\/wp\/v2\/media\/10216"}],"wp:attachment":[{"href":"https:\/\/guineechrono.com\/index.php\/wp-json\/wp\/v2\/media?parent=10569"}],"wp:term":[{"taxonomy":"category","embeddable":true,"href":"https:\/\/guineechrono.com\/index.php\/wp-json\/wp\/v2\/categories?post=10569"},{"taxonomy":"post_tag","embeddable":true,"href":"https:\/\/guineechrono.com\/index.php\/wp-json\/wp\/v2\/tags?post=10569"}],"curies":[{"name":"wp","href":"https:\/\/api.w.org\/{rel}","templated":true}]}}