{"id":10905,"date":"2019-11-08T09:39:37","date_gmt":"2019-11-08T08:39:37","guid":{"rendered":"http:\/\/guineechrono.com\/?p=10905"},"modified":"2019-11-08T09:39:37","modified_gmt":"2019-11-08T08:39:37","slug":"marche-du-07-novembre-celou-dalein-diallo-lance-un-message-au-president-alpha-conde","status":"publish","type":"post","link":"https:\/\/guineechrono.com\/index.php\/marche-du-07-novembre-celou-dalein-diallo-lance-un-message-au-president-alpha-conde\/","title":{"rendered":"Marche du 07 novembre : Celou Dalein Diallo lance un message au pr\u00e9sident  Alpha Cond\u00e9"},"content":{"rendered":"<p><strong>Ce jeudi 07 novembre 2019, le Front National pour la D\u00e9fense de la Constitution (FNDC) a organis\u00e9 sa troisi\u00e8me marche pacifique. A cette occasion, une forte mobilisation a \u00e9t\u00e9 enregistr\u00e9e sur l\u2019auto route Fidel Castro.<\/strong><\/p>\n<p>Selon Celou Dalein Diallo, pr\u00e9sident du l\u2019union des forces d\u00e9mocratiques de guin\u00e9e se dit de ne pas avoir surpris de cette forte mobilisation. \u00ab\u00a0Moi je ne suis pas surpris de l\u2019ampleur de la manifestation. \u00a0je m\u2019y attendais, par ce que je sais \u00e0 quel point les guin\u00e9ens sont d\u00e9termin\u00e9s a emp\u00eacher Alpha Cond\u00e9 de r\u00e9aliser son r\u00eave de s\u2019octroyer un 3<sup>\u00e8me<\/sup> mandat. Je suis contant de cette mobilisation, tous ceux-ci sont venus d\u2019eux-m\u00eames sans aucune intimidation, sans aucune promesse, sans aucune pression. Ils sont venu librement exprim\u00e9s leur position contre le 3<sup>\u00e8me<\/sup> mandat\u00a0\u00bb, d\u00e9clare-t-il.<\/p>\n<p>Par ailleurs, le chef de file de l\u2019opposition a lanc\u00e9 un message au pr\u00e9sident de la r\u00e9publique. \u00ab\u00a0J\u2019esp\u00e8re que Mr Alpha Cond\u00e9 va comprendre le message du peuple. Mais, je doute par ce que, c\u2019est quelqu\u2019un qui ne veut pas comprendre, et c\u2019est le p\u00e9cher sur le crime commis lors des manifestations pacifiques de l\u2019opposition l\u2019emp\u00eachera d\u2019entendre le peuple. H\u00e9las, il sortira par la petite fen\u00eatre\u00a0\u00bb, dit-il.<\/p>\n<p><strong>Barry<\/strong><\/p>\n","protected":false},"excerpt":{"rendered":"<p>Ce jeudi 07 novembre 2019, le Front National pour la D\u00e9fense de la Constitution (FNDC) a organis\u00e9 sa troisi\u00e8me marche pacifique. A cette occasion, une forte mobilisation a \u00e9t\u00e9 enregistr\u00e9e sur l\u2019auto route Fidel Castro. Selon Celou Dalein Diallo, pr\u00e9sident du l\u2019union des forces d\u00e9mocratiques de guin\u00e9e se dit de ne pas avoir surpris de [&hellip;]<\/p>\n","protected":false},"author":2,"featured_media":10906,"comment_status":"open","ping_status":"closed","sticky":false,"template":"","format":"standard","meta":{"buzzeditor_post_format":"","footnotes":""},"categories":[1],"tags":[],"class_list":["post-10905","post","type-post","status-publish","format-standard","has-post-thumbnail","hentry","category-non-classe"],"jetpack_featured_media_url":"https:\/\/guineechrono.com\/wp-content\/uploads\/2019\/11\/dalein2.jpg","amp_enabled":true,"_links":{"self":[{"href":"https:\/\/guineechrono.com\/index.php\/wp-json\/wp\/v2\/posts\/10905","targetHints":{"allow":["GET"]}}],"collection":[{"href":"https:\/\/guineechrono.com\/index.php\/wp-json\/wp\/v2\/posts"}],"about":[{"href":"https:\/\/guineechrono.com\/index.php\/wp-json\/wp\/v2\/types\/post"}],"author":[{"embeddable":true,"href":"https:\/\/guineechrono.com\/index.php\/wp-json\/wp\/v2\/users\/2"}],"replies":[{"embeddable":true,"href":"https:\/\/guineechrono.com\/index.php\/wp-json\/wp\/v2\/comments?post=10905"}],"version-history":[{"count":0,"href":"https:\/\/guineechrono.com\/index.php\/wp-json\/wp\/v2\/posts\/10905\/revisions"}],"wp:featuredmedia":[{"embeddable":true,"href":"https:\/\/guineechrono.com\/index.php\/wp-json\/wp\/v2\/media\/10906"}],"wp:attachment":[{"href":"https:\/\/guineechrono.com\/index.php\/wp-json\/wp\/v2\/media?parent=10905"}],"wp:term":[{"taxonomy":"category","embeddable":true,"href":"https:\/\/guineechrono.com\/index.php\/wp-json\/wp\/v2\/categories?post=10905"},{"taxonomy":"post_tag","embeddable":true,"href":"https:\/\/guineechrono.com\/index.php\/wp-json\/wp\/v2\/tags?post=10905"}],"curies":[{"name":"wp","href":"https:\/\/api.w.org\/{rel}","templated":true}]}}