{"id":1126,"date":"2018-07-22T14:13:04","date_gmt":"2018-07-22T13:13:04","guid":{"rendered":"http:\/\/guineechrono.com\/?p=1126"},"modified":"2018-07-22T14:13:04","modified_gmt":"2018-07-22T13:13:04","slug":"cacophonie-au-sein-du-cnoscg-le-forum-national-des-jeunes-de-la-societe-civile-guineenne-fait-des-dementis","status":"publish","type":"post","link":"https:\/\/guineechrono.com\/index.php\/cacophonie-au-sein-du-cnoscg-le-forum-national-des-jeunes-de-la-societe-civile-guineenne-fait-des-dementis\/","title":{"rendered":"Cacophonie au sein du CNOSCG : le  forum national des jeunes de la soci\u00e9t\u00e9 civile guin\u00e9enne fait des  d\u00e9mentis"},"content":{"rendered":"<p><b><span style=\"font-family: Calibri\"><span style=\"color: #000000\">C\u2019est Suite \u00e0 une\u00a0\u00a0information relay\u00e9e par certains medias de la place, concernant des propos accusant le pr\u00e9sident du CNOSCG d\u2019avoir re\u00e7u une somme d\u2019argent sans associer les membres du FONAJESCG.\u00a0\u00a0Le vice pr\u00e9sident, Salifou Camara a d\u00e9menti\u00a0\u00a0cette information dans une d\u00e9claration rendue public ce samedi 21 juillet 2018 au si\u00e8ge du CNOSCG dont nous vous proposons l\u2019int\u00e9gralit\u00e9.\u00a0<\/span><\/span><\/b><\/p>\n<p><span style=\"color: #000000;font-family: Calibri\">Le FONAJESCG fidele a sa mission de d\u00e9fense des int\u00e9r\u00eats des citoyens et de lutte contre l\u2019injustice sociale, f\u00e9licite les populations de Conakry pour leur mobilisation contre la hausse du prix du carburant a travers la marche pacifique du 10 juillet 2018.<\/span><\/p>\n<p><span style=\"color: #000000;font-family: Calibri\">Le FONAJESCG regrette cependant\u00a0\u00a0les divergences entre les diff\u00e9rentes composantes du mouvement sociale et r\u00e9it\u00e8re sa position\u00a0\u00a0d\u2019\u0153uvrer a la bonne poursuite des revendications sociales jusqu\u2019a\u00a0\u2018a satisfaction totale.<\/span><\/p>\n<p><span style=\"color: #000000;font-family: Calibri\">Au moment ou l\u2019organisation se consolide apr\u00e8s un processus consultatif et de cocon striction qui a permis d\u2019organiser son assembl\u00e9e g\u00e9n\u00e9rale le 13 d\u00e9cembre 2017 a Conakry, nous constatons que des individus soutenus par des politiciens, divulguent des informations malsaines contre les forces sociales de guin\u00e9e et le pr\u00e9sident du CNOSCG.<\/span><\/p>\n<p><span style=\"color: #000000;font-family: Calibri\">Prenant \u00e0 t\u00e9moin la communaut\u00e9 nationale et les citoyens, le FONAJESCG r\u00e9uni en assembl\u00e9e g\u00e9n\u00e9rale ce jour 21 juillet 2018 au si\u00e8ge du CNOSCG\u00a0:<\/span><\/p>\n<p><span style=\"color: #000000;font-family: Calibri\">-condamne ces informations mensong\u00e8res et l\u2019attitude des individus malintentionn\u00e9 qui sans concertation avec le bureau et sans mandat des membres, se livrent a des agissements \u00e9hont\u00e9s.<\/span><\/p>\n<p><span style=\"color: #000000;font-family: Calibri\">-renouvelle son soutien aux forces sociales de guin\u00e9e et le CNOSCG dans ce combat l\u00e9gitime.<\/span><\/p>\n<p><span style=\"color: #000000;font-family: Calibri\">-r\u00e9affirme son attachement \u00e0 l\u2019unit\u00e9 d\u2019action des forces citoyennes et \u00e0 la soci\u00e9t\u00e9 civile pour rehausser le niveau du d\u00e9bat.<\/span><\/p>\n<p><span style=\"color: #000000;font-family: Calibri\">-appelle \u00e0 une remobilisation de toutes les composantes du FONAJESCG autour du pr\u00e9sident du CNOSCG pour relever les diff\u00e9rents\u00a0\u00a0d\u00e9fis et d\u00e9jouer toutes les vell\u00e9it\u00e9s d\u2019instrumentalisation et de manipulation.<\/span><\/p>\n<p><span style=\"color: #000000;font-family: Calibri\">Le FONAJESCG informe les internautes, la presse nationale, les citoyens et citoyennes que les informations et d\u00e9clarations qui lui sont attribu\u00e9es n\u2019engagent que les colporteurs. Car aucune r\u00e9union statutaire n\u2019a permis de prendre ces d\u00e9cisions.<\/span><\/p>\n<p><span style=\"color: #000000;font-family: Calibri\">En fin, il met garde toute personne qui se prononcerait au nom de l\u2019organisation sans mandat du conseil d\u2019administration en collaboration avec la coordination nationale ou de l\u2019assembl\u00e9e g\u00e9n\u00e9rale.<\/span><\/p>\n<p><span style=\"color: #000000;font-family: Calibri\">L\u2019assembl\u00e9e g\u00e9n\u00e9rale\u00a0\u00a0recommande la mise en place d\u2019une enqu\u00eate diligente pour situer les responsabilit\u00e9s et se r\u00e9serve le droit de porter plainte contre toute personne qui se rendrait coupable d\u2019un tel agissement.<\/span><\/p>\n<p><b><span style=\"color: #000000;font-family: Calibri\">Salifou Camara, vice-pr\u00e9sident du\u00a0\u00a0FONAJESCG<\/span><\/b><\/p>\n","protected":false},"excerpt":{"rendered":"<p>C\u2019est Suite \u00e0 une\u00a0\u00a0information relay\u00e9e par certains medias de la place, concernant des propos accusant le pr\u00e9sident du CNOSCG d\u2019avoir re\u00e7u une somme d\u2019argent sans associer les membres du FONAJESCG.\u00a0\u00a0Le vice pr\u00e9sident, Salifou Camara a d\u00e9menti\u00a0\u00a0cette information dans une d\u00e9claration rendue public ce samedi 21 juillet 2018 au si\u00e8ge du CNOSCG dont nous vous proposons [&hellip;]<\/p>\n","protected":false},"author":2,"featured_media":1127,"comment_status":"open","ping_status":"closed","sticky":false,"template":"","format":"standard","meta":{"buzzeditor_post_format":"","footnotes":""},"categories":[1],"tags":[],"class_list":["post-1126","post","type-post","status-publish","format-standard","has-post-thumbnail","hentry","category-non-classe"],"jetpack_featured_media_url":"https:\/\/guineechrono.com\/wp-content\/uploads\/2018\/07\/CNOSCG.jpg","amp_enabled":true,"_links":{"self":[{"href":"https:\/\/guineechrono.com\/index.php\/wp-json\/wp\/v2\/posts\/1126","targetHints":{"allow":["GET"]}}],"collection":[{"href":"https:\/\/guineechrono.com\/index.php\/wp-json\/wp\/v2\/posts"}],"about":[{"href":"https:\/\/guineechrono.com\/index.php\/wp-json\/wp\/v2\/types\/post"}],"author":[{"embeddable":true,"href":"https:\/\/guineechrono.com\/index.php\/wp-json\/wp\/v2\/users\/2"}],"replies":[{"embeddable":true,"href":"https:\/\/guineechrono.com\/index.php\/wp-json\/wp\/v2\/comments?post=1126"}],"version-history":[{"count":0,"href":"https:\/\/guineechrono.com\/index.php\/wp-json\/wp\/v2\/posts\/1126\/revisions"}],"wp:featuredmedia":[{"embeddable":true,"href":"https:\/\/guineechrono.com\/index.php\/wp-json\/wp\/v2\/media\/1127"}],"wp:attachment":[{"href":"https:\/\/guineechrono.com\/index.php\/wp-json\/wp\/v2\/media?parent=1126"}],"wp:term":[{"taxonomy":"category","embeddable":true,"href":"https:\/\/guineechrono.com\/index.php\/wp-json\/wp\/v2\/categories?post=1126"},{"taxonomy":"post_tag","embeddable":true,"href":"https:\/\/guineechrono.com\/index.php\/wp-json\/wp\/v2\/tags?post=1126"}],"curies":[{"name":"wp","href":"https:\/\/api.w.org\/{rel}","templated":true}]}}