{"id":11297,"date":"2019-11-19T11:32:44","date_gmt":"2019-11-19T10:32:44","guid":{"rendered":"http:\/\/guineechrono.com\/?p=11297"},"modified":"2019-11-19T11:32:44","modified_gmt":"2019-11-19T10:32:44","slug":"mali-24-soldats-tues-lors-dune-attaque-au-sud-de-menaka","status":"publish","type":"post","link":"https:\/\/guineechrono.com\/index.php\/mali-24-soldats-tues-lors-dune-attaque-au-sud-de-menaka\/","title":{"rendered":"Mali: 24 soldats tu\u00e9s lors d&rsquo;une attaque au sud de M\u00e9naka"},"content":{"rendered":"<p><strong>L&rsquo;arm\u00e9e malienne a \u00e9t\u00e9 attaqu\u00e9e par de pr\u00e9sum\u00e9s terroristes lundi 18 novembre, dans le nord, vers la fronti\u00e8re du Niger. Les assaillants avaient, semble-t-il, minutieusement pr\u00e9par\u00e9 l&rsquo;op\u00e9ration. Il y a eu de nombreuses victimes. Selon un communiqu\u00e9 de l&rsquo;arm\u00e9e malienne, \u00ab\u00a024 militaires et 17 terroristes\u00a0\u00bb ont \u00e9t\u00e9 tu\u00e9s, et du mat\u00e9riel d\u00e9truit chez l&rsquo;ennemi.<\/strong><\/p>\n<p>\u00ab\u00a0<em>Pour traquer les terroristes, les arm\u00e9es malienne et nig\u00e9rienne montent une op\u00e9ration du nom de \u00ab\u00a0tongo tongo\u00a0\u00bb, le long de leur fronti\u00e8re commune<\/em>\u00a0\u00bb, pr\u00e9cise un communiqu\u00e9 officiel. C\u2019est au cours de cette op\u00e9ration que les <a href=\"http:\/\/www.rfi.fr\/afrique\/20191101-mali-attaque-camp-militaire-indelimane\">troupes maliennes ont \u00e9t\u00e9 attaqu\u00e9es<\/a>.<\/p>\n<p>Selon, cette fois-ci, des sources s\u00e9curitaires nig\u00e9riennes, <a href=\"http:\/\/www.rfi.fr\/afrique\/20191009-mali-front-commun-groupes-djihadistes-derriere-recentes-attaques\">les assaillants<\/a> \u00e9taient \u00e0 bord de sept v\u00e9hicules et de motos dont deux tricycles, ces derniers appartenant tr\u00e8s probablement \u00e0 un centre de sant\u00e9.<\/p>\n<p>L\u2019unit\u00e9 malienne attaqu\u00e9e \u00e9tait en mouvement pour faire une jonction avec les forces arm\u00e9es nig\u00e9riennes. Par cons\u00e9quent, les deux arm\u00e9es n\u2019\u00e9taient pas sur le m\u00eame territoire.<\/p>\n<p>C\u2019est au sud de la localit\u00e9 malienne de M\u00e9naka que l\u2019accrochage s\u2019est d\u00e9roul\u00e9. Des militaires maliens bless\u00e9s ont \u00e9t\u00e9 accueillis en territoire nig\u00e9rien.<\/p>\n<p>Pas de bilan officiel de l\u2019op\u00e9ration \u00e0 Niamey o\u00f9 les faits ont \u00e9t\u00e9 scrupuleusement suivis. C\u00f4t\u00e9 arm\u00e9e malienne, le bilan fait \u00e9tat de 24 militaires tomb\u00e9s au front, 17 terroristes tu\u00e9s et une centaine de suspects entre les mains des forces nig\u00e9riennes. Du mat\u00e9riel d\u00e9truit chez l\u2019ennemi a aussi \u00e9t\u00e9 signal\u00e9.<\/p>\n<p><strong>rfi.fr<\/strong><\/p>\n","protected":false},"excerpt":{"rendered":"<p>L&rsquo;arm\u00e9e malienne a \u00e9t\u00e9 attaqu\u00e9e par de pr\u00e9sum\u00e9s terroristes lundi 18 novembre, dans le nord, vers la fronti\u00e8re du Niger. Les assaillants avaient, semble-t-il, minutieusement pr\u00e9par\u00e9 l&rsquo;op\u00e9ration. Il y a eu de nombreuses victimes. Selon un communiqu\u00e9 de l&rsquo;arm\u00e9e malienne, \u00ab\u00a024 militaires et 17 terroristes\u00a0\u00bb ont \u00e9t\u00e9 tu\u00e9s, et du mat\u00e9riel d\u00e9truit chez l&rsquo;ennemi. \u00ab\u00a0Pour [&hellip;]<\/p>\n","protected":false},"author":2,"featured_media":11298,"comment_status":"open","ping_status":"closed","sticky":false,"template":"","format":"standard","meta":{"buzzeditor_post_format":"","footnotes":""},"categories":[1],"tags":[],"class_list":["post-11297","post","type-post","status-publish","format-standard","has-post-thumbnail","hentry","category-non-classe"],"jetpack_featured_media_url":"https:\/\/guineechrono.com\/wp-content\/uploads\/2019\/11\/mali-soldat.jpg","amp_enabled":true,"_links":{"self":[{"href":"https:\/\/guineechrono.com\/index.php\/wp-json\/wp\/v2\/posts\/11297","targetHints":{"allow":["GET"]}}],"collection":[{"href":"https:\/\/guineechrono.com\/index.php\/wp-json\/wp\/v2\/posts"}],"about":[{"href":"https:\/\/guineechrono.com\/index.php\/wp-json\/wp\/v2\/types\/post"}],"author":[{"embeddable":true,"href":"https:\/\/guineechrono.com\/index.php\/wp-json\/wp\/v2\/users\/2"}],"replies":[{"embeddable":true,"href":"https:\/\/guineechrono.com\/index.php\/wp-json\/wp\/v2\/comments?post=11297"}],"version-history":[{"count":0,"href":"https:\/\/guineechrono.com\/index.php\/wp-json\/wp\/v2\/posts\/11297\/revisions"}],"wp:featuredmedia":[{"embeddable":true,"href":"https:\/\/guineechrono.com\/index.php\/wp-json\/wp\/v2\/media\/11298"}],"wp:attachment":[{"href":"https:\/\/guineechrono.com\/index.php\/wp-json\/wp\/v2\/media?parent=11297"}],"wp:term":[{"taxonomy":"category","embeddable":true,"href":"https:\/\/guineechrono.com\/index.php\/wp-json\/wp\/v2\/categories?post=11297"},{"taxonomy":"post_tag","embeddable":true,"href":"https:\/\/guineechrono.com\/index.php\/wp-json\/wp\/v2\/tags?post=11297"}],"curies":[{"name":"wp","href":"https:\/\/api.w.org\/{rel}","templated":true}]}}