{"id":11697,"date":"2019-11-29T13:35:38","date_gmt":"2019-11-29T12:35:38","guid":{"rendered":"http:\/\/guineechrono.com\/?p=11697"},"modified":"2019-11-29T13:43:24","modified_gmt":"2019-11-29T12:43:24","slug":"journal-des-actes-poses-alseny-fadiga-annonce-les-couleurs-de-la-2eme-edition","status":"publish","type":"post","link":"https:\/\/guineechrono.com\/index.php\/journal-des-actes-poses-alseny-fadiga-annonce-les-couleurs-de-la-2eme-edition\/","title":{"rendered":"Soir\u00e9e des actes pos\u00e9s: Alseny Fadiga  annonce les couleurs de la 2\u00e8me \u00e9dition"},"content":{"rendered":"<p>Pour reconnaitre les efforts des uns et des autres, la r\u00e9daction du journal des actes pos\u00e9s d\u00e9cernera des prix aux entreprises et aux personnes publiques et priv\u00e9es qui font bouger la Guin\u00e9e de 2010 \u00e0 2019, le vendredi 06 d\u00e9cembre 2019 \u00e0 l\u2019h\u00f4tel kaloum.<\/p>\n<p><a href=\"http:\/\/guineechrono.com\/wp-content\/uploads\/2019\/11\/fadiga2.jpg\"><img fetchpriority=\"high\" decoding=\"async\" class=\"alignnone size-medium wp-image-11699\" src=\"http:\/\/guineechrono.com\/wp-content\/uploads\/2019\/11\/fadiga2-225x300.jpg\" alt=\"\" width=\"225\" height=\"300\" srcset=\"https:\/\/guineechrono.com\/wp-content\/uploads\/2019\/11\/fadiga2-225x300.jpg 225w, https:\/\/guineechrono.com\/wp-content\/uploads\/2019\/11\/fadiga2-696x928.jpg 696w, https:\/\/guineechrono.com\/wp-content\/uploads\/2019\/11\/fadiga2-315x420.jpg 315w, https:\/\/guineechrono.com\/wp-content\/uploads\/2019\/11\/fadiga2.jpg 720w\" sizes=\"(max-width: 225px) 100vw, 225px\" \/><\/a>L\u2019annonce a \u00e9t\u00e9 faite ce vendredi, 29 novembre 2019 par son directeur de publication, Alseny Fadiga au cours d\u2019une conf\u00e9rence de presse anim\u00e9e \u00e0 Conakry.<\/p>\n<p><strong>R\u00e9daction <\/strong><\/p>\n","protected":false},"excerpt":{"rendered":"<p>Pour reconnaitre les efforts des uns et des autres, la r\u00e9daction du journal des actes pos\u00e9s d\u00e9cernera des prix aux entreprises et aux personnes publiques et priv\u00e9es qui font bouger la Guin\u00e9e de 2010 \u00e0 2019, le vendredi 06 d\u00e9cembre 2019 \u00e0 l\u2019h\u00f4tel kaloum. L\u2019annonce a \u00e9t\u00e9 faite ce vendredi, 29 novembre 2019 par son [&hellip;]<\/p>\n","protected":false},"author":2,"featured_media":11698,"comment_status":"open","ping_status":"closed","sticky":false,"template":"","format":"standard","meta":{"buzzeditor_post_format":"","footnotes":""},"categories":[1],"tags":[],"class_list":["post-11697","post","type-post","status-publish","format-standard","has-post-thumbnail","hentry","category-non-classe"],"jetpack_featured_media_url":"https:\/\/guineechrono.com\/wp-content\/uploads\/2019\/11\/fadiga1.jpg","amp_enabled":true,"_links":{"self":[{"href":"https:\/\/guineechrono.com\/index.php\/wp-json\/wp\/v2\/posts\/11697","targetHints":{"allow":["GET"]}}],"collection":[{"href":"https:\/\/guineechrono.com\/index.php\/wp-json\/wp\/v2\/posts"}],"about":[{"href":"https:\/\/guineechrono.com\/index.php\/wp-json\/wp\/v2\/types\/post"}],"author":[{"embeddable":true,"href":"https:\/\/guineechrono.com\/index.php\/wp-json\/wp\/v2\/users\/2"}],"replies":[{"embeddable":true,"href":"https:\/\/guineechrono.com\/index.php\/wp-json\/wp\/v2\/comments?post=11697"}],"version-history":[{"count":0,"href":"https:\/\/guineechrono.com\/index.php\/wp-json\/wp\/v2\/posts\/11697\/revisions"}],"wp:featuredmedia":[{"embeddable":true,"href":"https:\/\/guineechrono.com\/index.php\/wp-json\/wp\/v2\/media\/11698"}],"wp:attachment":[{"href":"https:\/\/guineechrono.com\/index.php\/wp-json\/wp\/v2\/media?parent=11697"}],"wp:term":[{"taxonomy":"category","embeddable":true,"href":"https:\/\/guineechrono.com\/index.php\/wp-json\/wp\/v2\/categories?post=11697"},{"taxonomy":"post_tag","embeddable":true,"href":"https:\/\/guineechrono.com\/index.php\/wp-json\/wp\/v2\/tags?post=11697"}],"curies":[{"name":"wp","href":"https:\/\/api.w.org\/{rel}","templated":true}]}}