{"id":11837,"date":"2019-12-03T01:02:04","date_gmt":"2019-12-03T00:02:04","guid":{"rendered":"http:\/\/guineechrono.com\/?p=11837"},"modified":"2019-12-03T01:05:25","modified_gmt":"2019-12-03T00:05:25","slug":"conakry-le-premier-ministre-preside-louverture-de-la-5eme-conference-islamique-nationale","status":"publish","type":"post","link":"https:\/\/guineechrono.com\/index.php\/conakry-le-premier-ministre-preside-louverture-de-la-5eme-conference-islamique-nationale\/","title":{"rendered":"Conakry : le premier ministre pr\u00e9side l\u2019ouverture de  la 5\u00e8me  conf\u00e9rence islamique nationale"},"content":{"rendered":"<p><strong>Comme pr\u00e9vu, le secr\u00e9tariat g\u00e9n\u00e9ral des affaires religieuses a proc\u00e9d\u00e9 ce lundi 2 d\u00e9cembre 2019 \u00e0 l\u2019ouverture des travaux de la 5<sup>\u00e8me<\/sup> conf\u00e9rence islamique nationale sous le th\u00e8me \u00ab\u00a0l\u2019islam, religion de paix, de tol\u00e9rance et du juste milieu\u00a0\u00bb. C\u2019est le premier ministre chef du gouvernement qui a pr\u00e9sid\u00e9 \u00e0 la c\u00e9r\u00e9monie d\u2019ouverture.<\/strong><\/p>\n<p>Dans son discours, le secr\u00e9taire g\u00e9n\u00e9ral des affaires religieuses Aly Jamal Bangoura a rappel\u00e9 de cette rencontre. \u00ab\u00a0L\u2019objectif recherch\u00e9 est d\u2019une part d\u2019harmoniser les avis et opinions, \u00a0et d\u2019autre part, \u00a0d\u2019adopter une strat\u00e9gie commune \u00e0 appliquer dans laquelle, chacun se reconna\u00eetra\u00a0\u00bb, d\u00e9clare-t-il.<\/p>\n<p>Parlant la crise politique que la guin\u00e9e traverse, le secr\u00e9taire g\u00e9n\u00e9ral des affaires religieuses a soulign\u00e9 que les Chefs religieux musulmans et Chr\u00e9tiens de Guin\u00e9e ne sont jamais rest\u00e9s en marge pour s\u2019impliquer et apporter leur contribution de qualit\u00e9 chaque fois qu\u2019il le fallait dans la r\u00e9solution de conflits. \u00ab\u00a0L\u2019islam, religion de paix, de tol\u00e9rance, de pardon et de respect de l\u2019autre dans ses diff\u00e9rences, reste la solution parce qu\u2019il guide toujours vers ce qui est correct\u00a0\u00bb, a-t-il ajout\u00e9.<\/p>\n<p>Il a enfin promis que durant ces quatre jours de travail des sous th\u00e8mes seront anim\u00e9s \u00a0par des \u00e9minents islamologues guin\u00e9ens et Saoudiens invit\u00e9s \u00e0 prendre part \u00e0 cette conf\u00e9rence pour apporter leur contribution sur des sujets d\u2019int\u00e9r\u00eats publics.<\/p>\n<p><a href=\"http:\/\/guineechrono.com\/wp-content\/uploads\/2019\/12\/5\u00e8me2.jpg\"><img fetchpriority=\"high\" decoding=\"async\" class=\"alignnone size-medium wp-image-11841\" src=\"http:\/\/guineechrono.com\/wp-content\/uploads\/2019\/12\/5\u00e8me2-300x169.jpg\" alt=\"\" width=\"300\" height=\"169\" srcset=\"https:\/\/guineechrono.com\/wp-content\/uploads\/2019\/12\/5\u00e8me2-300x169.jpg 300w, https:\/\/guineechrono.com\/wp-content\/uploads\/2019\/12\/5\u00e8me2-768x432.jpg 768w, https:\/\/guineechrono.com\/wp-content\/uploads\/2019\/12\/5\u00e8me2-1024x576.jpg 1024w, https:\/\/guineechrono.com\/wp-content\/uploads\/2019\/12\/5\u00e8me2-696x391.jpg 696w, https:\/\/guineechrono.com\/wp-content\/uploads\/2019\/12\/5\u00e8me2-1068x600.jpg 1068w, https:\/\/guineechrono.com\/wp-content\/uploads\/2019\/12\/5\u00e8me2-747x420.jpg 747w, https:\/\/guineechrono.com\/wp-content\/uploads\/2019\/12\/5\u00e8me2.jpg 2048w\" sizes=\"(max-width: 300px) 100vw, 300px\" \/><\/a>Pour sa part, le premier ministre chef du gouvernement, Dr Ibrahima Kassory Fofana a d\u2019abord f\u00e9licit\u00e9 et encourag\u00e9 les organisateurs de cette 5<sup>\u00e8me<\/sup> conf\u00e9rence islamique nationale. Tout en demandant aux participants de prier pour que les d\u00e9mons porteurs du malheur soient \u00e9loign\u00e9s de la Guin\u00e9e.<\/p>\n<p>A noter que cette 5<sup>\u00e8me<\/sup> conf\u00e9rence islamique nationale a connue la pr\u00e9sence d\u2019une forte d\u00e9l\u00e9gation de l\u2019Arabie Saoudite, et elle prend fin le jeudi 05 d\u00e9cembre 2019 \u00e0 Conakry.<\/p>\n<p><strong>Aboubacar Pastoria Camara <\/strong><\/p>\n<p>&nbsp;<\/p>\n","protected":false},"excerpt":{"rendered":"<p>Comme pr\u00e9vu, le secr\u00e9tariat g\u00e9n\u00e9ral des affaires religieuses a proc\u00e9d\u00e9 ce lundi 2 d\u00e9cembre 2019 \u00e0 l\u2019ouverture des travaux de la 5\u00e8me conf\u00e9rence islamique nationale sous le th\u00e8me \u00ab\u00a0l\u2019islam, religion de paix, de tol\u00e9rance et du juste milieu\u00a0\u00bb. C\u2019est le premier ministre chef du gouvernement qui a pr\u00e9sid\u00e9 \u00e0 la c\u00e9r\u00e9monie d\u2019ouverture. Dans son discours, [&hellip;]<\/p>\n","protected":false},"author":2,"featured_media":11838,"comment_status":"open","ping_status":"closed","sticky":false,"template":"","format":"standard","meta":{"buzzeditor_post_format":"","footnotes":""},"categories":[1],"tags":[],"class_list":["post-11837","post","type-post","status-publish","format-standard","has-post-thumbnail","hentry","category-non-classe"],"jetpack_featured_media_url":"https:\/\/guineechrono.com\/wp-content\/uploads\/2019\/12\/5\u00e8me.jpg","amp_enabled":true,"_links":{"self":[{"href":"https:\/\/guineechrono.com\/index.php\/wp-json\/wp\/v2\/posts\/11837","targetHints":{"allow":["GET"]}}],"collection":[{"href":"https:\/\/guineechrono.com\/index.php\/wp-json\/wp\/v2\/posts"}],"about":[{"href":"https:\/\/guineechrono.com\/index.php\/wp-json\/wp\/v2\/types\/post"}],"author":[{"embeddable":true,"href":"https:\/\/guineechrono.com\/index.php\/wp-json\/wp\/v2\/users\/2"}],"replies":[{"embeddable":true,"href":"https:\/\/guineechrono.com\/index.php\/wp-json\/wp\/v2\/comments?post=11837"}],"version-history":[{"count":0,"href":"https:\/\/guineechrono.com\/index.php\/wp-json\/wp\/v2\/posts\/11837\/revisions"}],"wp:featuredmedia":[{"embeddable":true,"href":"https:\/\/guineechrono.com\/index.php\/wp-json\/wp\/v2\/media\/11838"}],"wp:attachment":[{"href":"https:\/\/guineechrono.com\/index.php\/wp-json\/wp\/v2\/media?parent=11837"}],"wp:term":[{"taxonomy":"category","embeddable":true,"href":"https:\/\/guineechrono.com\/index.php\/wp-json\/wp\/v2\/categories?post=11837"},{"taxonomy":"post_tag","embeddable":true,"href":"https:\/\/guineechrono.com\/index.php\/wp-json\/wp\/v2\/tags?post=11837"}],"curies":[{"name":"wp","href":"https:\/\/api.w.org\/{rel}","templated":true}]}}