{"id":11852,"date":"2019-12-03T19:08:33","date_gmt":"2019-12-03T18:08:33","guid":{"rendered":"http:\/\/guineechrono.com\/?p=11852"},"modified":"2019-12-03T19:08:33","modified_gmt":"2019-12-03T18:08:33","slug":"nouvelle-constitution-en-guinee-la-diaspora-africaine-en-europe-accuse-rfi-de-traiter-unilateralement-linformation","status":"publish","type":"post","link":"https:\/\/guineechrono.com\/index.php\/nouvelle-constitution-en-guinee-la-diaspora-africaine-en-europe-accuse-rfi-de-traiter-unilateralement-linformation\/","title":{"rendered":"Nouvelle constitution en Guin\u00e9e : la Diaspora Africaine en Europe accuse RFI de traiter unilat\u00e9ralement  l\u2019information"},"content":{"rendered":"<p><strong>La Mission conjointe de la Diaspora Africaine en Europe, du Groupe Agir Europe-Afrique s\u2019est dit d\u00e9\u00e7ue du traitement de l\u2019information de la part des medias occidentaux notamment\u00a0 la Radio France Internationale (RFI). L\u2019annonce a \u00e9t\u00e9 faite ce mardi 3 d\u00e9cembre 2019 lors d\u2019une conf\u00e9rence de presse anim\u00e9e \u00e0 Conakry.<\/strong><\/p>\n<p>Cette Organisation d\u2019Observation Electorale de la Diaspora Africaine en Europe\u00a0 interpelle les medias internationaux en particulier rfi, sur son traitement d\u2019information qu\u2019elle qualifie tendancieux de la question du referendum en R\u00e9publique de Guin\u00e9e.<\/p>\n<p>\u00abNous sommes tr\u00e8s surpris de ce traitement d\u2019information de la part d\u2019un media d\u2019un pays occidental. Eux qui se pr\u00e9sentassent comme ma\u00eetre de la d\u00e9mocratie et qui veulent nous enseigner qu\u2019un referendum est forcement un moyen de briguer un\u00a0 mandat pr\u00e9sidentiel. Nous voulons interpeler rfi sur ce risque s\u2019embrassement que leur traitement de cette question fait courir \u00e0 ce pays\u00a0\u00bb, a lu Luis Philippe Diffo\u00a0 secr\u00e9taire permanent dans une d\u00e9claration.<\/p>\n<p>Par cette m\u00eame occasion,\u00a0 elle\u00a0 invite le peuple de Guin\u00e9e \u00e0 se retrouver autour de ce projet de r\u00e9f\u00e9rendum constitutionnel.<\/p>\n<p><strong>R\u00e9daction <\/strong><\/p>\n<p>&nbsp;<\/p>\n","protected":false},"excerpt":{"rendered":"<p>La Mission conjointe de la Diaspora Africaine en Europe, du Groupe Agir Europe-Afrique s\u2019est dit d\u00e9\u00e7ue du traitement de l\u2019information de la part des medias occidentaux notamment\u00a0 la Radio France Internationale (RFI). L\u2019annonce a \u00e9t\u00e9 faite ce mardi 3 d\u00e9cembre 2019 lors d\u2019une conf\u00e9rence de presse anim\u00e9e \u00e0 Conakry. Cette Organisation d\u2019Observation Electorale de la [&hellip;]<\/p>\n","protected":false},"author":2,"featured_media":11853,"comment_status":"open","ping_status":"closed","sticky":false,"template":"","format":"standard","meta":{"buzzeditor_post_format":"","footnotes":""},"categories":[1],"tags":[],"class_list":["post-11852","post","type-post","status-publish","format-standard","has-post-thumbnail","hentry","category-non-classe"],"jetpack_featured_media_url":"https:\/\/guineechrono.com\/wp-content\/uploads\/2019\/12\/diaspora.jpg","amp_enabled":true,"_links":{"self":[{"href":"https:\/\/guineechrono.com\/index.php\/wp-json\/wp\/v2\/posts\/11852","targetHints":{"allow":["GET"]}}],"collection":[{"href":"https:\/\/guineechrono.com\/index.php\/wp-json\/wp\/v2\/posts"}],"about":[{"href":"https:\/\/guineechrono.com\/index.php\/wp-json\/wp\/v2\/types\/post"}],"author":[{"embeddable":true,"href":"https:\/\/guineechrono.com\/index.php\/wp-json\/wp\/v2\/users\/2"}],"replies":[{"embeddable":true,"href":"https:\/\/guineechrono.com\/index.php\/wp-json\/wp\/v2\/comments?post=11852"}],"version-history":[{"count":0,"href":"https:\/\/guineechrono.com\/index.php\/wp-json\/wp\/v2\/posts\/11852\/revisions"}],"wp:featuredmedia":[{"embeddable":true,"href":"https:\/\/guineechrono.com\/index.php\/wp-json\/wp\/v2\/media\/11853"}],"wp:attachment":[{"href":"https:\/\/guineechrono.com\/index.php\/wp-json\/wp\/v2\/media?parent=11852"}],"wp:term":[{"taxonomy":"category","embeddable":true,"href":"https:\/\/guineechrono.com\/index.php\/wp-json\/wp\/v2\/categories?post=11852"},{"taxonomy":"post_tag","embeddable":true,"href":"https:\/\/guineechrono.com\/index.php\/wp-json\/wp\/v2\/tags?post=11852"}],"curies":[{"name":"wp","href":"https:\/\/api.w.org\/{rel}","templated":true}]}}