{"id":11867,"date":"2019-12-04T16:15:00","date_gmt":"2019-12-04T15:15:00","guid":{"rendered":"http:\/\/guineechrono.com\/?p=11867"},"modified":"2019-12-04T16:18:20","modified_gmt":"2019-12-04T15:18:20","slug":"culture-conakry-abritera-la-7eme-edition-du-festival-international-de-theatre-de-guinee-du-07-au-12-decembre","status":"publish","type":"post","link":"https:\/\/guineechrono.com\/index.php\/culture-conakry-abritera-la-7eme-edition-du-festival-international-de-theatre-de-guinee-du-07-au-12-decembre\/","title":{"rendered":"Culture : Conakry abritera la 7\u00e8me \u00e9dition du festival international de th\u00e9\u00e2tre de Guin\u00e9e du 07 au 12 d\u00e9cembre"},"content":{"rendered":"<p><strong>Dans le cadre de rencontre, d\u2019\u00e9changes et de dialogue interculturel, l\u2019Agence Culturelle Festi-Kaloum et ses partenaires organiseront la 7<sup>\u00e8me<\/sup> \u00e9dition du festival international de th\u00e9\u00e2tre \u00e0 Conakry du 07 au 12 d\u00e9cembre 2019 au Mus\u00e9e National de Sandervalia dans la commune de kaloum \u00e0 partir de 15 heures. L\u2019annonce a \u00e9t\u00e9 faite par Amirou Cont\u00e9, directeur g\u00e9n\u00e9ral de la structure organisatrice de l\u2019\u00e9v\u00e9nement au cours d\u2019un entretien accord\u00e9 \u00e0 notre r\u00e9daction.<\/strong><\/p>\n<p>Selon Amirou Cont\u00e9, le moment o\u00f9 la politique et les int\u00e9r\u00eats \u00e9conomiques divisent les citoyens, la culture quant \u00e0 elle, demeure le garant de l\u2019unit\u00e9 et de la coh\u00e9sion sociale. \u00ab\u00a0Elle d\u00e9termine la capacit\u00e9 de tous les peuples \u00e0 coexister, \u00e0 s\u2019accepter dans la tol\u00e9rance et la paix, facteur essentiel de tout d\u00e9veloppement durable\u00a0\u00bb, a-t-il d\u00e9clar\u00e9.<\/p>\n<p><a href=\"http:\/\/guineechrono.com\/wp-content\/uploads\/2019\/12\/theatre.jpg\"><img fetchpriority=\"high\" decoding=\"async\" class=\"alignnone size-medium wp-image-11873\" src=\"http:\/\/guineechrono.com\/wp-content\/uploads\/2019\/12\/theatre-300x169.jpg\" alt=\"\" width=\"300\" height=\"169\" srcset=\"https:\/\/guineechrono.com\/wp-content\/uploads\/2019\/12\/theatre-300x169.jpg 300w, https:\/\/guineechrono.com\/wp-content\/uploads\/2019\/12\/theatre-768x432.jpg 768w, https:\/\/guineechrono.com\/wp-content\/uploads\/2019\/12\/theatre-1024x576.jpg 1024w, https:\/\/guineechrono.com\/wp-content\/uploads\/2019\/12\/theatre-696x392.jpg 696w, https:\/\/guineechrono.com\/wp-content\/uploads\/2019\/12\/theatre-1068x601.jpg 1068w, https:\/\/guineechrono.com\/wp-content\/uploads\/2019\/12\/theatre-747x420.jpg 747w, https:\/\/guineechrono.com\/wp-content\/uploads\/2019\/12\/theatre.jpg 1280w\" sizes=\"(max-width: 300px) 100vw, 300px\" \/><\/a>Poursuivant, il a aussi soulign\u00e9 que la culture initie \u00e0 la connaissance et \u00e0 la d\u00e9couverte de l\u2019autre. \u00ab\u00a0A cet \u00e9gard, la mondialisation et son corollaire de march\u00e9s globaux qui ont tendance \u00e0 cr\u00e9er une uniformisation des modes de pens\u00e9e et d\u2019action, ne doivent pas repr\u00e9senter un obstacle \u00e0 l\u2019affirmation des identit\u00e9s culturelles et \u00e0 la valorisation des expressions les plus intelligentes de nos soci\u00e9t\u00e9s\u00a0\u00bb, ajoute-t-il.<\/p>\n<p>Pour le directeur g\u00e9n\u00e9ral de l\u2019agence culturelle Festi-kaloum, la culture est ce lieu o\u00f9 naissent, se rencontrent, se m\u00e9langent et se perp\u00e9tuent nos traditions ancestrales et communautaires. \u00ab\u00a0Nous pouvons affirmer sans aucun risque de nous tromper que c\u2019est par la Culture que l\u2019on pourra sauver l\u2019humanit\u00e9 de tous les d\u00e9rapages qui l\u2019assaillent de toute part aujourd\u2019hui\u00a0\u00bb, dit-il.<\/p>\n<p>A rappeler que depuis 2010, la Guin\u00e9e n\u2019a pas organis\u00e9 le festival international de th\u00e9\u00e2tre et pour cette \u00e9dition de relance, six spectacles de th\u00e9\u00e2tres guin\u00e9ens et six spectacles de r\u00e9percussions sont programm\u00e9s.<\/p>\n<p><strong>Aboubacar Pastoria Camara <\/strong><\/p>\n","protected":false},"excerpt":{"rendered":"<p>Dans le cadre de rencontre, d\u2019\u00e9changes et de dialogue interculturel, l\u2019Agence Culturelle Festi-Kaloum et ses partenaires organiseront la 7\u00e8me \u00e9dition du festival international de th\u00e9\u00e2tre \u00e0 Conakry du 07 au 12 d\u00e9cembre 2019 au Mus\u00e9e National de Sandervalia dans la commune de kaloum \u00e0 partir de 15 heures. L\u2019annonce a \u00e9t\u00e9 faite par Amirou Cont\u00e9, [&hellip;]<\/p>\n","protected":false},"author":2,"featured_media":11870,"comment_status":"open","ping_status":"closed","sticky":false,"template":"","format":"standard","meta":{"buzzeditor_post_format":"","footnotes":""},"categories":[1],"tags":[],"class_list":["post-11867","post","type-post","status-publish","format-standard","has-post-thumbnail","hentry","category-non-classe"],"jetpack_featured_media_url":"https:\/\/guineechrono.com\/wp-content\/uploads\/2019\/12\/amirou.jpg","amp_enabled":true,"_links":{"self":[{"href":"https:\/\/guineechrono.com\/index.php\/wp-json\/wp\/v2\/posts\/11867","targetHints":{"allow":["GET"]}}],"collection":[{"href":"https:\/\/guineechrono.com\/index.php\/wp-json\/wp\/v2\/posts"}],"about":[{"href":"https:\/\/guineechrono.com\/index.php\/wp-json\/wp\/v2\/types\/post"}],"author":[{"embeddable":true,"href":"https:\/\/guineechrono.com\/index.php\/wp-json\/wp\/v2\/users\/2"}],"replies":[{"embeddable":true,"href":"https:\/\/guineechrono.com\/index.php\/wp-json\/wp\/v2\/comments?post=11867"}],"version-history":[{"count":0,"href":"https:\/\/guineechrono.com\/index.php\/wp-json\/wp\/v2\/posts\/11867\/revisions"}],"wp:featuredmedia":[{"embeddable":true,"href":"https:\/\/guineechrono.com\/index.php\/wp-json\/wp\/v2\/media\/11870"}],"wp:attachment":[{"href":"https:\/\/guineechrono.com\/index.php\/wp-json\/wp\/v2\/media?parent=11867"}],"wp:term":[{"taxonomy":"category","embeddable":true,"href":"https:\/\/guineechrono.com\/index.php\/wp-json\/wp\/v2\/categories?post=11867"},{"taxonomy":"post_tag","embeddable":true,"href":"https:\/\/guineechrono.com\/index.php\/wp-json\/wp\/v2\/tags?post=11867"}],"curies":[{"name":"wp","href":"https:\/\/api.w.org\/{rel}","templated":true}]}}