{"id":12272,"date":"2019-12-10T08:23:50","date_gmt":"2019-12-10T07:23:50","guid":{"rendered":"http:\/\/guineechrono.com\/?p=12272"},"modified":"2019-12-10T08:23:50","modified_gmt":"2019-12-10T07:23:50","slug":"journee-internationale-des-droits-de-lhomme-la-guinee-celebre-la-fete-en-differe","status":"publish","type":"post","link":"https:\/\/guineechrono.com\/index.php\/journee-internationale-des-droits-de-lhomme-la-guinee-celebre-la-fete-en-differe\/","title":{"rendered":"Journ\u00e9e internationale des droits de l\u2019Homme : la Guin\u00e9e c\u00e9l\u00e8bre la f\u00eate en diff\u00e9r\u00e9"},"content":{"rendered":"<p><strong>La r\u00e9publique de Guin\u00e9e a c\u00e9l\u00e9br\u00e9e en diff\u00e9r\u00e9 la journ\u00e9e internationale des droits de l\u2019Homme ce lundi 09 d\u00e9cembre 2019 sous le th\u00e8me \u00ab\u00a0les jeunes d\u00e9fendez les droits de l\u2019homme\u00a0\u00bb. C\u2019est le premier ministre chef du gouvernement qui a pr\u00e9sid\u00e9 la c\u00e9r\u00e9monie.<\/strong><\/p>\n<p>Dans son discours, Patrick Baha repr\u00e9sentant de Madame le haut-commissaire des Nations Unies aux droits de l\u2019Homme a d\u00e9clar\u00e9 qu\u2019ils ont une dette solvable \u00e0 l\u2019endroit de tous ces millions d\u2019enfants, d\u2019adolescents, de jeunes adultes qui se sont mobilis\u00e9s et qui ont hauss\u00e9 le ton pour que les mesures imm\u00e9diates soient prises contre la crise \u00e9cologique et environnementale qui traque aujourd\u2019hui la plan\u00e8te. \u00ab\u00a0A juste titre, les jeunes de ce monde t\u00e9moignent que leur avenir est en jeux, que l\u2019avenir de tous ceux ou de toutes celles qui ne sont pas encore n\u00e9s car ceux sont eux qui devons subir toutes les cons\u00e9quences des actions et de l\u2019inaction des g\u00e9n\u00e9rations les plus \u00e2g\u00e9es que dirige actuellement les gouvernements et les entreprises, des d\u00e9cideurs dont d\u00e9pend l\u2019avenir des pays des r\u00e9gions et de la plan\u00e8te dans son ensemble\u00a0\u00bb, dit-il.<\/p>\n<p>Selon lui, il ne faut pas laisser les jeunes seuls face \u00e0 l\u2019urgence climatique et aux nombreuses crises des droits de l\u2019homme qui provoquent actuellement des turbulences simultan\u00e9es tant dans les pays qu\u2019\u00e0 travers le monde. \u00ab\u00a0Nous devons donc tous agir ensemble et de fa\u00e7on solidaire en concordance avec nos principes et urgences du moment\u00a0\u00bb, lance-t-il.<\/p>\n<p>Il a enfin rappel\u00e9 que nous pouvons et nous voulons d\u00e9fendre les principes universels des droits de l\u2019Homme soigneusement \u00e9labor\u00e9s qui vont dans le sens de la paix, de la justice et du d\u00e9veloppement durable. \u00ab\u00a0Un monde o\u00f9 les droits de l\u2019homme sont bafou\u00e9s, un monde qui recule dans le pass\u00e9 plus sombre\u00a0\u00bb, conclut-il.<\/p>\n<p>De son c\u00f4t\u00e9, Dr Ibrahima Kassiry Fofana, Premier Ministre, Chef du gouvernement a r\u00e9it\u00e9r\u00e9 la volont\u00e9 et l\u2019engagement de son gouvernement \u00e0 faire en sorte que les droits de l\u2019homme puissent \u00eatre respect\u00e9s en r\u00e9publique de Guin\u00e9e.<\/p>\n<p>A rappeler que c\u2019est le 10 d\u00e9cembre de chaque ann\u00e9e qui est pr\u00e9vu pour la c\u00e9l\u00e9bration de la journ\u00e9e internationale des droits de l\u2019Homme. En guin\u00e9e, c\u2019est a cause de la manifestation du FNDC que cette datte a \u00e9t\u00e9 d\u00e9cal\u00e9e.<\/p>\n<p><strong>Aboubacar\u00a0Pastoria Camara<\/strong><\/p>\n","protected":false},"excerpt":{"rendered":"<p>La r\u00e9publique de Guin\u00e9e a c\u00e9l\u00e9br\u00e9e en diff\u00e9r\u00e9 la journ\u00e9e internationale des droits de l\u2019Homme ce lundi 09 d\u00e9cembre 2019 sous le th\u00e8me \u00ab\u00a0les jeunes d\u00e9fendez les droits de l\u2019homme\u00a0\u00bb. C\u2019est le premier ministre chef du gouvernement qui a pr\u00e9sid\u00e9 la c\u00e9r\u00e9monie. Dans son discours, Patrick Baha repr\u00e9sentant de Madame le haut-commissaire des Nations Unies [&hellip;]<\/p>\n","protected":false},"author":2,"featured_media":12273,"comment_status":"open","ping_status":"closed","sticky":false,"template":"","format":"standard","meta":{"buzzeditor_post_format":"","footnotes":""},"categories":[1],"tags":[],"class_list":["post-12272","post","type-post","status-publish","format-standard","has-post-thumbnail","hentry","category-non-classe"],"jetpack_featured_media_url":"https:\/\/guineechrono.com\/wp-content\/uploads\/2019\/12\/droits.jpg","amp_enabled":true,"_links":{"self":[{"href":"https:\/\/guineechrono.com\/index.php\/wp-json\/wp\/v2\/posts\/12272","targetHints":{"allow":["GET"]}}],"collection":[{"href":"https:\/\/guineechrono.com\/index.php\/wp-json\/wp\/v2\/posts"}],"about":[{"href":"https:\/\/guineechrono.com\/index.php\/wp-json\/wp\/v2\/types\/post"}],"author":[{"embeddable":true,"href":"https:\/\/guineechrono.com\/index.php\/wp-json\/wp\/v2\/users\/2"}],"replies":[{"embeddable":true,"href":"https:\/\/guineechrono.com\/index.php\/wp-json\/wp\/v2\/comments?post=12272"}],"version-history":[{"count":0,"href":"https:\/\/guineechrono.com\/index.php\/wp-json\/wp\/v2\/posts\/12272\/revisions"}],"wp:featuredmedia":[{"embeddable":true,"href":"https:\/\/guineechrono.com\/index.php\/wp-json\/wp\/v2\/media\/12273"}],"wp:attachment":[{"href":"https:\/\/guineechrono.com\/index.php\/wp-json\/wp\/v2\/media?parent=12272"}],"wp:term":[{"taxonomy":"category","embeddable":true,"href":"https:\/\/guineechrono.com\/index.php\/wp-json\/wp\/v2\/categories?post=12272"},{"taxonomy":"post_tag","embeddable":true,"href":"https:\/\/guineechrono.com\/index.php\/wp-json\/wp\/v2\/tags?post=12272"}],"curies":[{"name":"wp","href":"https:\/\/api.w.org\/{rel}","templated":true}]}}