{"id":12836,"date":"2019-12-19T13:30:41","date_gmt":"2019-12-19T12:30:41","guid":{"rendered":"http:\/\/guineechrono.com\/?p=12836"},"modified":"2020-05-19T16:34:43","modified_gmt":"2020-05-19T15:34:43","slug":"algerie-le-nouveau-president-abdelmadjid-tebboune-prete-serment","status":"publish","type":"post","link":"https:\/\/guineechrono.com\/index.php\/algerie-le-nouveau-president-abdelmadjid-tebboune-prete-serment\/","title":{"rendered":"Alg\u00e9rie: le nouveau pr\u00e9sident, Abdelmadjid Tebboune pr\u00eate serment"},"content":{"rendered":"<p><strong>Le pr\u00e9sident alg\u00e9rien, Abdelmadjid Tebboune, \u00e9lu\u00a0\u00e0 58,13% des voix au 1er tour de la pr\u00e9sidentielle le 12 d\u00e9cembre, prend ses fonctions\u00a0ce jeudi pour un\u00a0mandat de cinq ans. Il pr\u00eate serment\u00a0\u00a0lors d\u2019une c\u00e9r\u00e9monie publique \u00e0 Alger.<\/strong><\/p>\n<p><a href=\"https:\/\/www.france24.com\/fr\/20191213-alg%C3%A9rie-%C3%A9lection-pr%C3%A9sidentielle-abdelmadjid-tebboune\">Abdelmadjid Tebboune<\/a>,\u00a074 ans, entre en fonction, jeudi 19 d\u00e9cembre. Elu \u00e0\u00a0<a href=\"https:\/\/www.france24.com\/fr\/20191213-l-alg%C3%A9rie-dans-l-attente-des-r%C3%A9sultats-de-sa-premi%C3%A8re-%C3%A9lection-pr%C3%A9sidentielle-post-bouteflika\">58,13 %\u00a0<\/a>des voix au premier tour du scrutin, selon les r\u00e9sultats d\u00e9finitifs proclam\u00e9s lundi lors d\u2019une \u00e9lection pr\u00e9sidentielle fortement contest\u00e9e, il pr\u00eate serment \u00e0 Alger.<\/p>\n<p>La Constitution pr\u00e9voit que \u00ab le pr\u00e9sident de la R\u00e9publique pr\u00eate serment devant le Peuple et en pr\u00e9sence de toutes les hautes instances de la Nation, dans la semaine qui suit son \u00e9lection \u00bb. \u00ab Il entre en fonction aussit\u00f4t apr\u00e8s sa prestation de serment \u00bb, poursuit le texte.<\/p>\n<p>Abdelmadjid Tebboune succ\u00e9de \u00e0 Abdelaziz Bouteflika, contraint \u00e0 la d\u00e9mission en avril, apr\u00e8s 20 ans \u00e0 la t\u00eate de l\u2019\u00c9tat, par le \u00ab <a href=\"https:\/\/www.france24.com\/fr\/20191213-election-en-alg%C3%A9rie-abdelmadjid-tebboune-n-est-pas-mon-pr%C3%A9sident\">Hirak<\/a>\u00ab ,\u00a0mouvement de contestation populaire massif du r\u00e9gime. Ce \u00ab Hirak \u00bb, qui agite l\u2019Alg\u00e9rie depuis le 22 f\u00e9vrier, rejetait l\u2019organisation du moindre scrutin par le \u00ab syst\u00e8me \u00bb au pouvoir depuis l\u2019ind\u00e9pendance du pays en 1962, dont il r\u00e9clame le d\u00e9mant\u00e8lement et le remplacement par des institutions de transition.<\/p>\n<p>Au lendemain de son \u00e9lection, Abdelmadjid Tebboune a \u00ab <a href=\"https:\/\/www.france24.com\/fr\/20191213-en-direct-f%C3%A9brile-l-alg%C3%A9rie-attend-les-r%C3%A9sultats-de-l-%C3%A9lection-pr%C3%A9sidentielle\">tendu la main au Hirak<\/a> \u00bb et lui a propos\u00e9 un \u00ab dialogue afin de b\u00e2tir une Alg\u00e9rie nouvelle \u00bb, pour mettre fin \u00e0 la crise politique en Alg\u00e9rie. Mais d\u00e8s vendredi, et une nouvelle fois mardi, une foule nombreuse a conspu\u00e9 le chef de l\u2019Etat fra\u00eechement \u00e9lu, r\u00e9affirmant que le \u00ab Hirak \u00bb se poursuivrait.<\/p>\n<p><em>Ave<\/em>c AFP<\/p>\n","protected":false},"excerpt":{"rendered":"<p>Le pr\u00e9sident alg\u00e9rien, Abdelmadjid Tebboune, \u00e9lu\u00a0\u00e0 58,13% des voix au 1er tour de la pr\u00e9sidentielle le 12 d\u00e9cembre, prend ses fonctions\u00a0ce jeudi pour un\u00a0mandat de cinq ans. Il pr\u00eate serment\u00a0\u00a0lors d\u2019une c\u00e9r\u00e9monie publique \u00e0 Alger. Abdelmadjid Tebboune,\u00a074 ans, entre en fonction, jeudi 19 d\u00e9cembre. Elu \u00e0\u00a058,13 %\u00a0des voix au premier tour du scrutin, selon les [&hellip;]<\/p>\n","protected":false},"author":2,"featured_media":12837,"comment_status":"open","ping_status":"closed","sticky":false,"template":"","format":"standard","meta":{"buzzeditor_post_format":"","footnotes":""},"categories":[1,43],"tags":[],"class_list":["post-12836","post","type-post","status-publish","format-standard","has-post-thumbnail","hentry","category-non-classe","category-politique"],"jetpack_featured_media_url":"https:\/\/guineechrono.com\/wp-content\/uploads\/2019\/12\/president-al.jpg","amp_enabled":true,"_links":{"self":[{"href":"https:\/\/guineechrono.com\/index.php\/wp-json\/wp\/v2\/posts\/12836","targetHints":{"allow":["GET"]}}],"collection":[{"href":"https:\/\/guineechrono.com\/index.php\/wp-json\/wp\/v2\/posts"}],"about":[{"href":"https:\/\/guineechrono.com\/index.php\/wp-json\/wp\/v2\/types\/post"}],"author":[{"embeddable":true,"href":"https:\/\/guineechrono.com\/index.php\/wp-json\/wp\/v2\/users\/2"}],"replies":[{"embeddable":true,"href":"https:\/\/guineechrono.com\/index.php\/wp-json\/wp\/v2\/comments?post=12836"}],"version-history":[{"count":0,"href":"https:\/\/guineechrono.com\/index.php\/wp-json\/wp\/v2\/posts\/12836\/revisions"}],"wp:featuredmedia":[{"embeddable":true,"href":"https:\/\/guineechrono.com\/index.php\/wp-json\/wp\/v2\/media\/12837"}],"wp:attachment":[{"href":"https:\/\/guineechrono.com\/index.php\/wp-json\/wp\/v2\/media?parent=12836"}],"wp:term":[{"taxonomy":"category","embeddable":true,"href":"https:\/\/guineechrono.com\/index.php\/wp-json\/wp\/v2\/categories?post=12836"},{"taxonomy":"post_tag","embeddable":true,"href":"https:\/\/guineechrono.com\/index.php\/wp-json\/wp\/v2\/tags?post=12836"}],"curies":[{"name":"wp","href":"https:\/\/api.w.org\/{rel}","templated":true}]}}