{"id":1297,"date":"2018-08-08T15:57:04","date_gmt":"2018-08-08T14:57:04","guid":{"rendered":"http:\/\/guineechrono.com\/?p=1297"},"modified":"2018-08-08T15:57:04","modified_gmt":"2018-08-08T14:57:04","slug":"lelouma-un-jeune-se-donne-la-mort-par-pendaison","status":"publish","type":"post","link":"https:\/\/guineechrono.com\/index.php\/lelouma-un-jeune-se-donne-la-mort-par-pendaison\/","title":{"rendered":"L\u00e9louma : un jeune se donne la mort par pendaison"},"content":{"rendered":"<p>Le corps sans vie du jeune Ibrahima, \u00e2g\u00e9 de 18 ans, a \u00e9t\u00e9 retrouv\u00e9 pendu au quartier Diala 2, relevant de la commune urbaine de L\u00e9louma, rapporte un correspondant de Guineematin.com en Moyenne Guin\u00e9e.<span id=\"more-82956\"><\/span><\/p>\n<p>Selon le chef du quartier Diala 2, dans la commune urbaine de L\u00e9louma, Barka Koulibaly, le jeune Ibrahima, \u00e2g\u00e9 de 18 ans, se serait suicid\u00e9 par pendaison.<\/p>\n<p>\u00ab C\u2019est lundi dernier, 06 ao\u00fbt 2018, entre 10 heures et 11 heures que nous avons \u00e9t\u00e9 alert\u00e9 de ce cas de suicide. La victime s\u2019appelle Ibrahima. Il est \u00e2g\u00e9 de 18 ans. Mais, nous ignorons les causes et les circonstances de ce cas de suicide. On nous a juste appel\u00e9s par t\u00e9l\u00e9phone pour nous informer de cette triste nouvelle \u00bb explique le chef du quartier.<\/p>\n<p>Seulement, le corps a \u00e9t\u00e9 d\u00e9plac\u00e9 et remmen\u00e9 en famille avant le constat des services comp\u00e9tents de la s\u00e9curit\u00e9 et de la sant\u00e9. Ce qui a conduit \u00e0 l\u2019interpellation de 3 jeunes qui sont accus\u00e9s d\u2019avoir d\u00e9plac\u00e9 le corps de la victime.<\/p>\n<p>\u00ab C\u2019est dans la maison mortuaire que nous avons trouv\u00e9 le corps, mais pas sur le lieu du drame \u00bb pr\u00e9cise le chef Barka Koulibaly.<\/p>\n<p>Apr\u00e8s ce premier constat des services de police et de sant\u00e9, le corps de la victime a \u00e9t\u00e9 rendu \u00e0 la famille \u00e9plor\u00e9e qui a imm\u00e9diatement organis\u00e9 l\u2019inhumation.<\/p>\n<p>A suivre !<\/p>\n<p><strong>\u00a0Guineematin.com<\/strong><\/p>\n","protected":false},"excerpt":{"rendered":"<p>Le corps sans vie du jeune Ibrahima, \u00e2g\u00e9 de 18 ans, a \u00e9t\u00e9 retrouv\u00e9 pendu au quartier Diala 2, relevant de la commune urbaine de L\u00e9louma, rapporte un correspondant de Guineematin.com en Moyenne Guin\u00e9e. Selon le chef du quartier Diala 2, dans la commune urbaine de L\u00e9louma, Barka Koulibaly, le jeune Ibrahima, \u00e2g\u00e9 de 18 [&hellip;]<\/p>\n","protected":false},"author":2,"featured_media":1298,"comment_status":"open","ping_status":"closed","sticky":false,"template":"","format":"standard","meta":{"buzzeditor_post_format":"","footnotes":""},"categories":[1],"tags":[],"class_list":["post-1297","post","type-post","status-publish","format-standard","has-post-thumbnail","hentry","category-non-classe"],"jetpack_featured_media_url":"https:\/\/guineechrono.com\/wp-content\/uploads\/2018\/08\/pr\u00e9fecture-de-L\u00e9louma-400x167.jpg","amp_enabled":true,"_links":{"self":[{"href":"https:\/\/guineechrono.com\/index.php\/wp-json\/wp\/v2\/posts\/1297","targetHints":{"allow":["GET"]}}],"collection":[{"href":"https:\/\/guineechrono.com\/index.php\/wp-json\/wp\/v2\/posts"}],"about":[{"href":"https:\/\/guineechrono.com\/index.php\/wp-json\/wp\/v2\/types\/post"}],"author":[{"embeddable":true,"href":"https:\/\/guineechrono.com\/index.php\/wp-json\/wp\/v2\/users\/2"}],"replies":[{"embeddable":true,"href":"https:\/\/guineechrono.com\/index.php\/wp-json\/wp\/v2\/comments?post=1297"}],"version-history":[{"count":0,"href":"https:\/\/guineechrono.com\/index.php\/wp-json\/wp\/v2\/posts\/1297\/revisions"}],"wp:featuredmedia":[{"embeddable":true,"href":"https:\/\/guineechrono.com\/index.php\/wp-json\/wp\/v2\/media\/1298"}],"wp:attachment":[{"href":"https:\/\/guineechrono.com\/index.php\/wp-json\/wp\/v2\/media?parent=1297"}],"wp:term":[{"taxonomy":"category","embeddable":true,"href":"https:\/\/guineechrono.com\/index.php\/wp-json\/wp\/v2\/categories?post=1297"},{"taxonomy":"post_tag","embeddable":true,"href":"https:\/\/guineechrono.com\/index.php\/wp-json\/wp\/v2\/tags?post=1297"}],"curies":[{"name":"wp","href":"https:\/\/api.w.org\/{rel}","templated":true}]}}