{"id":1316,"date":"2018-08-10T16:54:43","date_gmt":"2018-08-10T15:54:43","guid":{"rendered":"http:\/\/guineechrono.com\/?p=1316"},"modified":"2018-08-10T16:54:43","modified_gmt":"2018-08-10T15:54:43","slug":"kouroussa-le-general-namory-traore-et-le-ministre-du-budget-ramenent-le-calme-dans-la-ville","status":"publish","type":"post","link":"https:\/\/guineechrono.com\/index.php\/kouroussa-le-general-namory-traore-et-le-ministre-du-budget-ramenent-le-calme-dans-la-ville\/","title":{"rendered":"Kouroussa : le g\u00e9n\u00e9ral Namory Traor\u00e9 et le ministre du Budget ram\u00e8nent le calme dans la ville"},"content":{"rendered":"<p>Les coups de fils du g\u00e9n\u00e9ral Namory Traor\u00e9, Chef d\u2019Etat Major-g\u00e9n\u00e9ral des arm\u00e9es et du ministre du Budget, Isma\u00ebl Dioubat\u00e9, tous deux cadres de Kouroussa ont d\u00e9samorc\u00e9 la manifestation des jeunes. C\u2019\u00e9tait hier dans l\u2019apr\u00e8s midi quand les autorit\u00e9s locales ont r\u00e9ussi \u00e0 r\u00e9unir les jeunes m\u00e9contents dans la salle de r\u00e9union de la Pr\u00e9fecture. Ces hauts cadres fils de Kouroussa, ont appel\u00e9 en direct dans la salle pour demander aux jeunes gens de quitter la rue pour la n\u00e9gociation.<\/p>\n<p>En effet, voyant l\u2019atmosph\u00e8re et la tension dans la ville, le Pr\u00e9fet Souleymane K\u00e9ita a d\u00e9p\u00each\u00e9 sur le terrain Namory Kourouma, le secr\u00e9taire g\u00e9n\u00e9ral charg\u00e9 de la collectivit\u00e9 et le colonel Alpha Dioubat\u00e9 pour s\u2019enqu\u00e9rir de la situation et emmener les responsables du mouvement \u00e0 la Pr\u00e9fecture. Ces deux missionnaires r\u00e9ussissent \u00e0 convaincre les jeunes qui ont accept\u00e9 de r\u00e9pondre \u00e0 l\u2019invitation du Pr\u00e9fet.<\/p>\n<p>Dans la salle de r\u00e9union pleine \u00e0 craquer, les deux envoy\u00e9s du Pr\u00e9fet ont plant\u00e9 le d\u00e9cor dans une longue intervention. Apr\u00e8s eux, le pr\u00e9sident des jeunes interviendra pour expliquer le motif de leur mouvement. Il a profit\u00e9 de cette intervention pour exiger des autorit\u00e9s locales la pr\u00e9sence \u00e0 Kouroussa, dans 72 heures, d\u2019une d\u00e9l\u00e9gation gouvernementale, pour s\u2019enqu\u00e9rir des r\u00e9alit\u00e9s de la Pr\u00e9fecture.<\/p>\n<p>En prenant la parole, le Pr\u00e9fet a promis transmettre les revendications de ces jeunes dans un rapport qui sera remis au ministre de l\u2019Administration du Territoire et de la D\u00e9centralisation dans les jours qui suivent. Il a aussi promis faire des propositions pour trouver une solution.<\/p>\n<p>Il faut pr\u00e9ciser qu\u2019au cours de la r\u00e9union, les hauts cadres de l\u2019\u00c9tat ressortissant de la Pr\u00e9fecture de Kouroussa, le g\u00e9n\u00e9ral Namory Traor\u00e9 chef d\u2019\u00c9tat major, le ministre du Budget Isma\u00ebl Dioubat\u00e9 ont intervenu par t\u00e9l\u00e9phone pour demander aux jeunes de lever les barrages et privil\u00e9gier la voie du dialogue<\/p>\n<p>Ainsi, suite \u00e0 leur intervention, le barrage fut enlev\u00e9 et la manifestation a \u00e9t\u00e9 suspendue.<\/p>\n","protected":false},"excerpt":{"rendered":"<p>Les coups de fils du g\u00e9n\u00e9ral Namory Traor\u00e9, Chef d\u2019Etat Major-g\u00e9n\u00e9ral des arm\u00e9es et du ministre du Budget, Isma\u00ebl Dioubat\u00e9, tous deux cadres de Kouroussa ont d\u00e9samorc\u00e9 la manifestation des jeunes. C\u2019\u00e9tait hier dans l\u2019apr\u00e8s midi quand les autorit\u00e9s locales ont r\u00e9ussi \u00e0 r\u00e9unir les jeunes m\u00e9contents dans la salle de r\u00e9union de la Pr\u00e9fecture. [&hellip;]<\/p>\n","protected":false},"author":2,"featured_media":1317,"comment_status":"open","ping_status":"closed","sticky":false,"template":"","format":"standard","meta":{"buzzeditor_post_format":"","footnotes":""},"categories":[31],"tags":[],"class_list":["post-1316","post","type-post","status-publish","format-standard","has-post-thumbnail","hentry","category-reportage"],"jetpack_featured_media_url":"https:\/\/guineechrono.com\/wp-content\/uploads\/2018\/08\/Kouroussa.jpg","amp_enabled":true,"_links":{"self":[{"href":"https:\/\/guineechrono.com\/index.php\/wp-json\/wp\/v2\/posts\/1316","targetHints":{"allow":["GET"]}}],"collection":[{"href":"https:\/\/guineechrono.com\/index.php\/wp-json\/wp\/v2\/posts"}],"about":[{"href":"https:\/\/guineechrono.com\/index.php\/wp-json\/wp\/v2\/types\/post"}],"author":[{"embeddable":true,"href":"https:\/\/guineechrono.com\/index.php\/wp-json\/wp\/v2\/users\/2"}],"replies":[{"embeddable":true,"href":"https:\/\/guineechrono.com\/index.php\/wp-json\/wp\/v2\/comments?post=1316"}],"version-history":[{"count":0,"href":"https:\/\/guineechrono.com\/index.php\/wp-json\/wp\/v2\/posts\/1316\/revisions"}],"wp:featuredmedia":[{"embeddable":true,"href":"https:\/\/guineechrono.com\/index.php\/wp-json\/wp\/v2\/media\/1317"}],"wp:attachment":[{"href":"https:\/\/guineechrono.com\/index.php\/wp-json\/wp\/v2\/media?parent=1316"}],"wp:term":[{"taxonomy":"category","embeddable":true,"href":"https:\/\/guineechrono.com\/index.php\/wp-json\/wp\/v2\/categories?post=1316"},{"taxonomy":"post_tag","embeddable":true,"href":"https:\/\/guineechrono.com\/index.php\/wp-json\/wp\/v2\/tags?post=1316"}],"curies":[{"name":"wp","href":"https:\/\/api.w.org\/{rel}","templated":true}]}}