{"id":13513,"date":"2019-12-30T17:57:03","date_gmt":"2019-12-30T16:57:03","guid":{"rendered":"http:\/\/guineechrono.com\/?p=13513"},"modified":"2019-12-30T17:57:03","modified_gmt":"2019-12-30T16:57:03","slug":"guinee-forestiere-une-nouvelle-structure-citoyenne-voit-le-jour","status":"publish","type":"post","link":"https:\/\/guineechrono.com\/index.php\/guinee-forestiere-une-nouvelle-structure-citoyenne-voit-le-jour\/","title":{"rendered":"Guin\u00e9e-foresti\u00e8re : une nouvelle structure citoyenne voit le jour"},"content":{"rendered":"<p><strong>Pour participer au d\u00e9veloppement de leur localit\u00e9, la Nouvelle G\u00e9n\u00e9ration For\u00eat (NGF) a vue le jour. Le lancement officiel a eu lieu ce lundi 30 d\u00e9cembre 2019 au cours d\u2019une conf\u00e9rence de presse anim\u00e9e \u00e0 Conakry. <\/strong><\/p>\n<p>Selon Robert Th\u00e9a, coordinateur national, l\u2019objectif c\u2019est de promouvoir le bien \u00eatre des filles et fils de la r\u00e9gion ainsi que son d\u00e9veloppement. \u00ab\u00a0Notre vision, c\u2019est de f\u00e9d\u00e9rer toutes les structures de la r\u00e9gion en vue de l\u2019entraide mutuelle et la participation au d\u00e9veloppement locale\u00a0\u00bb, souligne-t-il.<\/p>\n<p>Plus loin, il a rappel\u00e9 que la naissance de la NGF est partie d\u2019un certain nombre de constats don entre autre\u00a0: la d\u00e9sunion des filles et fils de la m\u00eame r\u00e9gion, le reniement, la d\u00e9valorisation par endroit des valeurs morales et culturelles de la for\u00eat, le manque de confiance en soit, le manque d\u2019entraide, les pratiques qui d\u00e9couragent l\u2019aide des acteurs, le manque d\u2019action concr\u00e8te en vue du d\u00e9veloppement de cette collectivit\u00e9 d\u00e9centralis\u00e9e.<\/p>\n<p>Il a enfin d\u00e9clar\u00e9 que la NGF est ouverte \u00e0 toutes et \u00e0 tous les ressortissants de la region, association, mouvements, groupements.<\/p>\n<p><strong>R\u00e9daction <\/strong><\/p>\n","protected":false},"excerpt":{"rendered":"<p>Pour participer au d\u00e9veloppement de leur localit\u00e9, la Nouvelle G\u00e9n\u00e9ration For\u00eat (NGF) a vue le jour. Le lancement officiel a eu lieu ce lundi 30 d\u00e9cembre 2019 au cours d\u2019une conf\u00e9rence de presse anim\u00e9e \u00e0 Conakry. Selon Robert Th\u00e9a, coordinateur national, l\u2019objectif c\u2019est de promouvoir le bien \u00eatre des filles et fils de la r\u00e9gion [&hellip;]<\/p>\n","protected":false},"author":2,"featured_media":13514,"comment_status":"open","ping_status":"closed","sticky":false,"template":"","format":"standard","meta":{"buzzeditor_post_format":"","footnotes":""},"categories":[1],"tags":[],"class_list":["post-13513","post","type-post","status-publish","format-standard","has-post-thumbnail","hentry","category-non-classe"],"jetpack_featured_media_url":"https:\/\/guineechrono.com\/wp-content\/uploads\/2019\/12\/forets.jpg","amp_enabled":true,"_links":{"self":[{"href":"https:\/\/guineechrono.com\/index.php\/wp-json\/wp\/v2\/posts\/13513","targetHints":{"allow":["GET"]}}],"collection":[{"href":"https:\/\/guineechrono.com\/index.php\/wp-json\/wp\/v2\/posts"}],"about":[{"href":"https:\/\/guineechrono.com\/index.php\/wp-json\/wp\/v2\/types\/post"}],"author":[{"embeddable":true,"href":"https:\/\/guineechrono.com\/index.php\/wp-json\/wp\/v2\/users\/2"}],"replies":[{"embeddable":true,"href":"https:\/\/guineechrono.com\/index.php\/wp-json\/wp\/v2\/comments?post=13513"}],"version-history":[{"count":0,"href":"https:\/\/guineechrono.com\/index.php\/wp-json\/wp\/v2\/posts\/13513\/revisions"}],"wp:featuredmedia":[{"embeddable":true,"href":"https:\/\/guineechrono.com\/index.php\/wp-json\/wp\/v2\/media\/13514"}],"wp:attachment":[{"href":"https:\/\/guineechrono.com\/index.php\/wp-json\/wp\/v2\/media?parent=13513"}],"wp:term":[{"taxonomy":"category","embeddable":true,"href":"https:\/\/guineechrono.com\/index.php\/wp-json\/wp\/v2\/categories?post=13513"},{"taxonomy":"post_tag","embeddable":true,"href":"https:\/\/guineechrono.com\/index.php\/wp-json\/wp\/v2\/tags?post=13513"}],"curies":[{"name":"wp","href":"https:\/\/api.w.org\/{rel}","templated":true}]}}