{"id":1361,"date":"2018-08-14T11:26:44","date_gmt":"2018-08-14T10:26:44","guid":{"rendered":"http:\/\/guineechrono.com\/?p=1361"},"modified":"2018-08-14T11:26:44","modified_gmt":"2018-08-14T10:26:44","slug":"port-autonome-de-conakry-quelques-details-dune-convention-polemique","status":"publish","type":"post","link":"https:\/\/guineechrono.com\/index.php\/port-autonome-de-conakry-quelques-details-dune-convention-polemique\/","title":{"rendered":"Port autonome de Conakry : quelques d\u00e9tails d\u2019une convention pol\u00e9mique"},"content":{"rendered":"<p>Apr\u00e8s l\u2019affaire Bollor\u00e9 qui a \u00e9clabouss\u00e9 le palais, c\u2019est encore un autre dossier impliquant le m\u00eame palais qui fait l\u2019objet de vives contestations dans l\u2019opinion. La similitude entre les deux dossiers, c\u2019est le sentiment d\u2019avoir un chef d\u00e9cid\u00e9 \u00e0 aider des amis quel que soit le prix \u00e0 payer dans son pays. Tout b\u00eatement, cette soci\u00e9t\u00e9 dont il s\u2019agit, appartient au beau-fils du pr\u00e9sident turc, qui est un grand ami au patron de S\u00e9khoutereya, sans avoir la pr\u00e9tention de faire une conclusion h\u00e2tive.<\/p>\n<p>Pour parler de cette convention pol\u00e9mique sur la gestion du port autonome de Conakry, il faut rappeler que depuis plusieurs mois, elle faisait parler d\u2019elle pendant qu\u2019elle trottait \u00e0 la pr\u00e9sidence qui cherchait la meilleure occasion pour la faire passer.<\/p>\n<p>C\u2019est seulement le vendredi 09 ao\u00fbt dernier\u00a0 que ce contrat de gestion du port , celui qui fait en ce moment \u00a0jaser et qui a eu le m\u00e9rite de perturber fortement les activit\u00e9s dans ce grand service portuaire, a \u00e9t\u00e9 sign\u00e9.<\/p>\n<p>Des \u00a0travailleurs qui estiment que ce contrat de gestion qui devrait \u00a0d\u00e9cider de leur sort, \u00e0 leur insu, ont \u00e9t\u00e9 sans r\u00e9serve dans la contestation.<\/p>\n<p>La convention donne le droit d\u2019exploitation du port \u00e0 la soci\u00e9t\u00e9 turque \u00a0appel\u00e9e Albayrak Turizm Seyahat insaat ticaret SA. C\u2019est une soci\u00e9t\u00e9 qui appartient au beau-fils de l\u2019actuel pr\u00e9sident turc, Erdogan . Ceux qui connaissent les affinit\u00e9s entre le Pr\u00e9sident guin\u00e9en et celui-ci, \u00a0ne devraient pas s\u2019\u00e9tonner des avantages colossaux accord\u00e9s \u00e0 la soci\u00e9t\u00e9<\/p>\n<p>Tenez-vous bien, apr\u00e8s une lecture en diagonal de ladite convention, \u00a0la gestion du PAC revient \u00e0 cette soci\u00e9t\u00e9 qui acquiert 95% des actions selon certaines sources et 85 % selon d\u2019autres. Elle devrait prendre le contr\u00f4le \u00a0de la direction parce qu\u2019ayant la plus grande action. Devraient aussi tomber dans ses escarcelles juteuses, les directions commerciale, d\u2019exploitation et de la s\u00e9curit\u00e9 portuaire ainsi que toutes les installations g\u00e9r\u00e9es autrefois par l\u2019ancienne direction.<\/p>\n<p>Ce n\u2019est pas fini, l\u2019h\u00f4te est exempt\u00e9 du payement de toute taxe aff\u00e9rente \u00e0 ses activit\u00e9s.<\/p>\n<p>On comprend donc la crainte des travailleurs, qui ont leur sort dans les mains des nouveaux patrons des lieux qui devraient d\u00e9cider dans l\u2019avenir du plan de redressement qui leur convient.<\/p>\n<p>Des travailleurs d\u00e9sempar\u00e9s reprochent \u00e0 \u00a0la soci\u00e9t\u00e9, d\u2019avoir achet\u00e9 l\u2019adh\u00e9sion des responsables impliqu\u00e9s dans la signature. Les moyens d\u00e9ploy\u00e9s \u00e0 cet effet, seraient \u00e0 la hauteur du s\u00e9same \u00e9pil\u00e9.<\/p>\n<p>Dossier \u00e0 suivre\u00a0!!!<\/p>\n","protected":false},"excerpt":{"rendered":"<p>Apr\u00e8s l\u2019affaire Bollor\u00e9 qui a \u00e9clabouss\u00e9 le palais, c\u2019est encore un autre dossier impliquant le m\u00eame palais qui fait l\u2019objet de vives contestations dans l\u2019opinion. La similitude entre les deux dossiers, c\u2019est le sentiment d\u2019avoir un chef d\u00e9cid\u00e9 \u00e0 aider des amis quel que soit le prix \u00e0 payer dans son pays. Tout b\u00eatement, cette [&hellip;]<\/p>\n","protected":false},"author":2,"featured_media":1362,"comment_status":"open","ping_status":"closed","sticky":false,"template":"","format":"standard","meta":{"buzzeditor_post_format":"","footnotes":""},"categories":[1],"tags":[],"class_list":["post-1361","post","type-post","status-publish","format-standard","has-post-thumbnail","hentry","category-non-classe"],"jetpack_featured_media_url":"https:\/\/guineechrono.com\/wp-content\/uploads\/2018\/08\/Hawa-Keita-PAC-1.png","amp_enabled":true,"_links":{"self":[{"href":"https:\/\/guineechrono.com\/index.php\/wp-json\/wp\/v2\/posts\/1361","targetHints":{"allow":["GET"]}}],"collection":[{"href":"https:\/\/guineechrono.com\/index.php\/wp-json\/wp\/v2\/posts"}],"about":[{"href":"https:\/\/guineechrono.com\/index.php\/wp-json\/wp\/v2\/types\/post"}],"author":[{"embeddable":true,"href":"https:\/\/guineechrono.com\/index.php\/wp-json\/wp\/v2\/users\/2"}],"replies":[{"embeddable":true,"href":"https:\/\/guineechrono.com\/index.php\/wp-json\/wp\/v2\/comments?post=1361"}],"version-history":[{"count":0,"href":"https:\/\/guineechrono.com\/index.php\/wp-json\/wp\/v2\/posts\/1361\/revisions"}],"wp:featuredmedia":[{"embeddable":true,"href":"https:\/\/guineechrono.com\/index.php\/wp-json\/wp\/v2\/media\/1362"}],"wp:attachment":[{"href":"https:\/\/guineechrono.com\/index.php\/wp-json\/wp\/v2\/media?parent=1361"}],"wp:term":[{"taxonomy":"category","embeddable":true,"href":"https:\/\/guineechrono.com\/index.php\/wp-json\/wp\/v2\/categories?post=1361"},{"taxonomy":"post_tag","embeddable":true,"href":"https:\/\/guineechrono.com\/index.php\/wp-json\/wp\/v2\/tags?post=1361"}],"curies":[{"name":"wp","href":"https:\/\/api.w.org\/{rel}","templated":true}]}}