{"id":13892,"date":"2020-01-09T08:14:30","date_gmt":"2020-01-09T07:14:30","guid":{"rendered":"http:\/\/guineechrono.com\/?p=13892"},"modified":"2020-01-09T08:16:05","modified_gmt":"2020-01-09T07:16:05","slug":"economie-la-bicigui-inaugure-son-nouveau-siege-a-kaloum","status":"publish","type":"post","link":"https:\/\/guineechrono.com\/index.php\/economie-la-bicigui-inaugure-son-nouveau-siege-a-kaloum\/","title":{"rendered":"Economie: la BICIGUI inaugure son nouveau si\u00e8ge \u00e0 kaloum"},"content":{"rendered":"<p><strong>Pour prendre en compte la demande de leurs collaborateurs, actionnaires, administrateurs, clients et autorit\u00e9s, la BICIGUI s\u2019est dot\u00e9e d\u2019un nouveau si\u00e8ge flambant neuf \u00e0 kaloum. C\u2019est le pr\u00e9sident de la r\u00e9publique de Guin\u00e9e, Prof Alpha Cond\u00e9 qui a pr\u00e9sid\u00e9 la c\u00e9r\u00e9monie d\u2019inaugurale, ce mercredi 08 janvier 2020.<\/strong><\/p>\n<p>C\u2019est un immeuble moderne, aux normes internationale, accessible aux personnes \u00e0 mobilit\u00e9 construit avec des mat\u00e9riaux performants favorisant l\u2019\u00e9conomie d\u2019\u00e9nergie tels que la fa\u00e7ade avec isolation thermique ou encore l\u2019\u00e9clairage LED.<\/p>\n<p>Selon les responsables, ce b\u00e2timent a \u00e9t\u00e9 construit en 27 mois, int\u00e9grant une p\u00e9riode de pr\u00e9paration, d\u2019installation et de d\u00e9molition de 3 mois. \u00ab\u00a0Cet immeuble est un R+7 \u00e9tages avec un niveau de sous sol et une terrasse technique pouvant accueillir des r\u00e9ceptions. La surface au plancher est de 6\u00a0000 m2 dont 4 000 m2 de surface utile. Il dispose d\u2019une structure b\u00e9ton et d\u2019une fa\u00e7ade rideau, de 2 ascenseurs et d\u2019un monte-charge\u00a0\u00bb, indiquent-ils.<\/p>\n<p><a href=\"http:\/\/guineechrono.com\/wp-content\/uploads\/2020\/01\/bicigui1.jpg\"><img fetchpriority=\"high\" decoding=\"async\" class=\"alignnone size-medium wp-image-13895\" src=\"http:\/\/guineechrono.com\/wp-content\/uploads\/2020\/01\/bicigui1-300x253.jpg\" alt=\"\" width=\"300\" height=\"253\" srcset=\"https:\/\/guineechrono.com\/wp-content\/uploads\/2020\/01\/bicigui1-300x253.jpg 300w, https:\/\/guineechrono.com\/wp-content\/uploads\/2020\/01\/bicigui1-696x587.jpg 696w, https:\/\/guineechrono.com\/wp-content\/uploads\/2020\/01\/bicigui1-498x420.jpg 498w, https:\/\/guineechrono.com\/wp-content\/uploads\/2020\/01\/bicigui1.jpg 720w\" sizes=\"(max-width: 300px) 100vw, 300px\" \/><\/a>Il est important de signaler que le b\u00e2timent est con\u00e7u pour promouvoir le travail en \u00e9quipe et faciliter la communication. \u00ab\u00a0Au del\u00e0 des aspects conceptuels tels que les cloisons vitr\u00e9es pour diffuser la lumi\u00e8re, l\u2019ambiance sereine, la qualit\u00e9 acoustique avec des plafonds performants et des barri\u00e8res acoustiques, une fluidit\u00e9 dans les d\u00e9placements, une flexibilit\u00e9 d\u2019utilisation, ce b\u00e2timent est organiser en open espace et en Flex office\u00a0\u00bb, expliquent les responsables.<\/p>\n<p>A noter que l\u2019ensemble du fonctionnement de l\u2019immeuble est secouru par deux groupes \u00e9lectrog\u00e8nes.<\/p>\n<p><strong>A Camara <\/strong><\/p>\n<p>&nbsp;<\/p>\n","protected":false},"excerpt":{"rendered":"<p>Pour prendre en compte la demande de leurs collaborateurs, actionnaires, administrateurs, clients et autorit\u00e9s, la BICIGUI s\u2019est dot\u00e9e d\u2019un nouveau si\u00e8ge flambant neuf \u00e0 kaloum. C\u2019est le pr\u00e9sident de la r\u00e9publique de Guin\u00e9e, Prof Alpha Cond\u00e9 qui a pr\u00e9sid\u00e9 la c\u00e9r\u00e9monie d\u2019inaugurale, ce mercredi 08 janvier 2020. C\u2019est un immeuble moderne, aux normes internationale, accessible [&hellip;]<\/p>\n","protected":false},"author":2,"featured_media":13893,"comment_status":"open","ping_status":"closed","sticky":false,"template":"","format":"standard","meta":{"buzzeditor_post_format":"","footnotes":""},"categories":[1],"tags":[],"class_list":["post-13892","post","type-post","status-publish","format-standard","has-post-thumbnail","hentry","category-non-classe"],"jetpack_featured_media_url":"https:\/\/guineechrono.com\/wp-content\/uploads\/2020\/01\/bicigui.jpg","amp_enabled":true,"_links":{"self":[{"href":"https:\/\/guineechrono.com\/index.php\/wp-json\/wp\/v2\/posts\/13892","targetHints":{"allow":["GET"]}}],"collection":[{"href":"https:\/\/guineechrono.com\/index.php\/wp-json\/wp\/v2\/posts"}],"about":[{"href":"https:\/\/guineechrono.com\/index.php\/wp-json\/wp\/v2\/types\/post"}],"author":[{"embeddable":true,"href":"https:\/\/guineechrono.com\/index.php\/wp-json\/wp\/v2\/users\/2"}],"replies":[{"embeddable":true,"href":"https:\/\/guineechrono.com\/index.php\/wp-json\/wp\/v2\/comments?post=13892"}],"version-history":[{"count":0,"href":"https:\/\/guineechrono.com\/index.php\/wp-json\/wp\/v2\/posts\/13892\/revisions"}],"wp:featuredmedia":[{"embeddable":true,"href":"https:\/\/guineechrono.com\/index.php\/wp-json\/wp\/v2\/media\/13893"}],"wp:attachment":[{"href":"https:\/\/guineechrono.com\/index.php\/wp-json\/wp\/v2\/media?parent=13892"}],"wp:term":[{"taxonomy":"category","embeddable":true,"href":"https:\/\/guineechrono.com\/index.php\/wp-json\/wp\/v2\/categories?post=13892"},{"taxonomy":"post_tag","embeddable":true,"href":"https:\/\/guineechrono.com\/index.php\/wp-json\/wp\/v2\/tags?post=13892"}],"curies":[{"name":"wp","href":"https:\/\/api.w.org\/{rel}","templated":true}]}}