{"id":1397,"date":"2018-08-17T14:30:06","date_gmt":"2018-08-17T13:30:06","guid":{"rendered":"http:\/\/guineechrono.com\/?p=1397"},"modified":"2018-08-17T14:30:06","modified_gmt":"2018-08-17T13:30:06","slug":"bail-du-port-de-conakry-quen-pense-sidya-toure","status":"publish","type":"post","link":"https:\/\/guineechrono.com\/index.php\/bail-du-port-de-conakry-quen-pense-sidya-toure\/","title":{"rendered":"Bail du Port de Conakry : Qu\u2019en pense Sidya Tour\u00e9 ?"},"content":{"rendered":"<p>CONAKRY- Entre le Gouvernement et les syndicats qui protestent contre le \u2018\u2019bail\u2019\u2019 d\u2019une partie du port autonome de Conakry, Sidya Tour\u00e9 va faire son choix.<\/p>\n<p>Le leader de l\u2019Union des Forces R\u00e9publicaines va soit marquer son soutien au Gouvernement qui a d\u00e9cid\u00e9 de croiser \u00e0 nouveau le fer avec les syndicats, soit d\u00e9noncer cette d\u00e9cision portant sur le bail d\u2019une partie du port de Conakry \u00e0 une soci\u00e9t\u00e9 Turque.<\/p>\n<p>Alors que le dossier li\u00e9 \u00e0 la signature de ce contrat fait grand bruit \u00e0 Conakry, Sidya Tour\u00e9 recommande que cet accord de concession du Port autonome de Conakry soit port\u00e9 \u00e0 l\u2019examen de l\u2019Assembl\u00e9e Nationale.<\/p>\n<p>\u00ab\u00a0Je vais demander au Groupe Parlementaire des R\u00e9publicains d\u2019interpeller le Ministre des Transports sur cette question\u00a0\u00bb, a annonc\u00e9 Sidya Tour\u00e9.<\/p>\n<p>Ce jeudi 16 ao\u00fbt 2018, le Ministre des Transports a justifi\u00e9 la signature de ce contrat qui selon lui n\u2019est qu\u2019un \u00ab\u00a0bail\u00a0\u00bb et non une \u00ab\u00a0vente\u00a0\u00bb.<\/p>\n<p>\u00ab\u00a0C\u2019est pour une question de financement et non pour le savoir-faire. Le probl\u00e8me c\u2019est l\u2019investissement, auparavant la gestion \u00e9tait bonne. L\u2019Etat ne peut pas mettre 500 millions de dollars dans un Port Autonome alors qu\u2019il a d\u2019autres charges. Ici il s\u2019agit de la privatisation de la gestion pendant que le port appartient toujours \u00e0 la Guin\u00e9e\u00a0\u00bb, a expliqu\u00e9 le Ministre Aboubacar Sylla.<\/p>\n<p><strong>Africaguinee.com<\/strong><\/p>\n","protected":false},"excerpt":{"rendered":"<p>CONAKRY- Entre le Gouvernement et les syndicats qui protestent contre le \u2018\u2019bail\u2019\u2019 d\u2019une partie du port autonome de Conakry, Sidya Tour\u00e9 va faire son choix. Le leader de l\u2019Union des Forces R\u00e9publicaines va soit marquer son soutien au Gouvernement qui a d\u00e9cid\u00e9 de croiser \u00e0 nouveau le fer avec les syndicats, soit d\u00e9noncer cette d\u00e9cision [&hellip;]<\/p>\n","protected":false},"author":2,"featured_media":1398,"comment_status":"open","ping_status":"closed","sticky":false,"template":"","format":"standard","meta":{"buzzeditor_post_format":"","footnotes":""},"categories":[1],"tags":[],"class_list":["post-1397","post","type-post","status-publish","format-standard","has-post-thumbnail","hentry","category-non-classe"],"jetpack_featured_media_url":"https:\/\/guineechrono.com\/wp-content\/uploads\/2018\/08\/sidya_bleu_1.jpg","amp_enabled":true,"_links":{"self":[{"href":"https:\/\/guineechrono.com\/index.php\/wp-json\/wp\/v2\/posts\/1397","targetHints":{"allow":["GET"]}}],"collection":[{"href":"https:\/\/guineechrono.com\/index.php\/wp-json\/wp\/v2\/posts"}],"about":[{"href":"https:\/\/guineechrono.com\/index.php\/wp-json\/wp\/v2\/types\/post"}],"author":[{"embeddable":true,"href":"https:\/\/guineechrono.com\/index.php\/wp-json\/wp\/v2\/users\/2"}],"replies":[{"embeddable":true,"href":"https:\/\/guineechrono.com\/index.php\/wp-json\/wp\/v2\/comments?post=1397"}],"version-history":[{"count":0,"href":"https:\/\/guineechrono.com\/index.php\/wp-json\/wp\/v2\/posts\/1397\/revisions"}],"wp:featuredmedia":[{"embeddable":true,"href":"https:\/\/guineechrono.com\/index.php\/wp-json\/wp\/v2\/media\/1398"}],"wp:attachment":[{"href":"https:\/\/guineechrono.com\/index.php\/wp-json\/wp\/v2\/media?parent=1397"}],"wp:term":[{"taxonomy":"category","embeddable":true,"href":"https:\/\/guineechrono.com\/index.php\/wp-json\/wp\/v2\/categories?post=1397"},{"taxonomy":"post_tag","embeddable":true,"href":"https:\/\/guineechrono.com\/index.php\/wp-json\/wp\/v2\/tags?post=1397"}],"curies":[{"name":"wp","href":"https:\/\/api.w.org\/{rel}","templated":true}]}}