{"id":1463,"date":"2018-08-23T17:06:15","date_gmt":"2018-08-23T16:06:15","guid":{"rendered":"http:\/\/guineechrono.com\/?p=1463"},"modified":"2018-08-23T17:06:15","modified_gmt":"2018-08-23T16:06:15","slug":"la-levee-dhumilite-parlementaire-de-dr-ousmane-kaba-sekou-koundouno-rassure","status":"publish","type":"post","link":"https:\/\/guineechrono.com\/index.php\/la-levee-dhumilite-parlementaire-de-dr-ousmane-kaba-sekou-koundouno-rassure\/","title":{"rendered":"La lev\u00e9e d\u2019humilit\u00e9 parlementaire de Dr Ousmane Kaba, S\u00e9kou koundouno rassure"},"content":{"rendered":"<p>Depuis la \u00a0tenue des propos de Dr Ousmane Kaba \u00e0 Kankan dans\u00a0 une radio priv\u00e9e de la place, la cellule de veille balai citoyen ne cesse de poursuivre le pr\u00e9sident du PADES qui qualifie ces propos de l\u2019ethnocentrisme.<\/p>\n<p>A cette occasion, Sekou koudouno a rassur\u00e9 l\u2019opinion nationale et internationale pour le lev\u00e9 d\u2019humilit\u00e9 de l\u2019honorable Ousmane Kaba dans les jours \u00e0 venir par le parlement guin\u00e9en. Il l\u2019a dit lors d\u2019un point de presse anim\u00e9e ce jeudi 23 ao\u00fbt 2018 \u00e0 Conakry.<\/p>\n<p>D\u2019entr\u00e9e de jeux, le pr\u00e9sident de la cellule de veille de balai citoyen se r\u00e9jouit de la sortie m\u00e9diatique d\u2019un pool d\u2019avocats du PADES qui d\u00e9cide de porter plainte contre sa personne.<\/p>\n<p>Ensuite, S\u00e9kou koundouno rassure que les dispositions sont prises par la juridiction pour la comparaitre Dr Ousmane Kaba en fin qu\u2019il r\u00e9pond l\u2019accusation port\u00e9 en sa personne.\u00a0 \u00ab\u00a0Le garde des seaux est en cong\u00e9, la semaine prochaine tout l\u2019appareil judiciaire va reprendre le travail. Nous pouvons vous rassurer qu\u2019en d\u00e9but du mois de septembre le processus enclenchera\u00a0\u00bb<\/p>\n<p>Concernant la lev\u00e9e de\u00a0 son humilit\u00e9 parlementaire, le premier responsable du balai citoyen a d\u00e9clar\u00e9 que son organisation a une parfaite \u00a0assurance \u00a0de Claude kori kodiano, pr\u00e9sident de l\u2019assembl\u00e9e nationale guin\u00e9enne. \u00a0\u00ab Avant cette rencontre,\u00a0j\u2019ai rencontr\u00e9 le chef du parlement guin\u00e9en \u00a0qui m\u2019a signifi\u00e9 qu\u2019il a \u00a0pris la peine d\u2019\u00e9couter a plusieurs reprises cet \u00e9l\u00e9ment sonore de Dr Ousmane Kaba\u00a0\u00bb<\/p>\n<p>Selon lui, suite a cela qu\u2019il a\u00a0 \u00a0pris la peine d\u2019interpeller\u00a0 les honorables d\u00e9put\u00e9s pour la retenue \u00e0 sortir de la propagande ethnocentrique et r\u00e9gionaliste. \u00ab\u00a0donc, la r\u00e9union que j\u2019ai fait avec le pr\u00e9sident de l\u2019assembl\u00e9e national j\u2019ose croire que les annonces fortes ont \u00e9t\u00e9 faite et que cette d\u00e9marche aboutir a la lever de l\u2019humilit\u00e9 parlement\u00a0 de Dr Ousmane Kaba dans les jours a venir\u00a0\u00bb conclut-il.<\/p>\n<p><strong>Aboubacar Pastoria Camara<\/strong><\/p>\n","protected":false},"excerpt":{"rendered":"<p>Depuis la \u00a0tenue des propos de Dr Ousmane Kaba \u00e0 Kankan dans\u00a0 une radio priv\u00e9e de la place, la cellule de veille balai citoyen ne cesse de poursuivre le pr\u00e9sident du PADES qui qualifie ces propos de l\u2019ethnocentrisme. A cette occasion, Sekou koudouno a rassur\u00e9 l\u2019opinion nationale et internationale pour le lev\u00e9 d\u2019humilit\u00e9 de l\u2019honorable [&hellip;]<\/p>\n","protected":false},"author":2,"featured_media":1281,"comment_status":"open","ping_status":"closed","sticky":false,"template":"","format":"standard","meta":{"buzzeditor_post_format":"","footnotes":""},"categories":[1],"tags":[],"class_list":["post-1463","post","type-post","status-publish","format-standard","has-post-thumbnail","hentry","category-non-classe"],"jetpack_featured_media_url":"https:\/\/guineechrono.com\/wp-content\/uploads\/2018\/08\/maitre-bea.jpg","amp_enabled":true,"_links":{"self":[{"href":"https:\/\/guineechrono.com\/index.php\/wp-json\/wp\/v2\/posts\/1463","targetHints":{"allow":["GET"]}}],"collection":[{"href":"https:\/\/guineechrono.com\/index.php\/wp-json\/wp\/v2\/posts"}],"about":[{"href":"https:\/\/guineechrono.com\/index.php\/wp-json\/wp\/v2\/types\/post"}],"author":[{"embeddable":true,"href":"https:\/\/guineechrono.com\/index.php\/wp-json\/wp\/v2\/users\/2"}],"replies":[{"embeddable":true,"href":"https:\/\/guineechrono.com\/index.php\/wp-json\/wp\/v2\/comments?post=1463"}],"version-history":[{"count":0,"href":"https:\/\/guineechrono.com\/index.php\/wp-json\/wp\/v2\/posts\/1463\/revisions"}],"wp:featuredmedia":[{"embeddable":true,"href":"https:\/\/guineechrono.com\/index.php\/wp-json\/wp\/v2\/media\/1281"}],"wp:attachment":[{"href":"https:\/\/guineechrono.com\/index.php\/wp-json\/wp\/v2\/media?parent=1463"}],"wp:term":[{"taxonomy":"category","embeddable":true,"href":"https:\/\/guineechrono.com\/index.php\/wp-json\/wp\/v2\/categories?post=1463"},{"taxonomy":"post_tag","embeddable":true,"href":"https:\/\/guineechrono.com\/index.php\/wp-json\/wp\/v2\/tags?post=1463"}],"curies":[{"name":"wp","href":"https:\/\/api.w.org\/{rel}","templated":true}]}}