{"id":14680,"date":"2020-01-29T07:49:45","date_gmt":"2020-01-29T06:49:45","guid":{"rendered":"http:\/\/guineechrono.com\/?p=14680"},"modified":"2020-01-29T07:49:45","modified_gmt":"2020-01-29T06:49:45","slug":"prix-de-distinction-le-journaliste-alseny-listo-camara-veut-partager-son-bonheur","status":"publish","type":"post","link":"https:\/\/guineechrono.com\/index.php\/prix-de-distinction-le-journaliste-alseny-listo-camara-veut-partager-son-bonheur\/","title":{"rendered":"Prix de distinction: le journaliste, Alseny Listo Camara veut partager son bonheur"},"content":{"rendered":"<p><strong>Journaliste culturel, animateur de l\u2019\u00e9mission \u00e9mulation \u00e0 la RTG Boulbinet et dicteur g\u00e9n\u00e9ral d\u2019une agence de communication, Alseny Listo Camara a re\u00e7u une distinction de la part du journal des actes pos\u00e9s, dont l\u2019\u00e9v\u00e9nement s\u2019est d\u00e9roul\u00e9 le 06 d\u00e9cembre 2019 \u00e0 Conakry. <\/strong><\/p>\n<p><strong>Apr\u00e8s avoir f\u00e9licit\u00e9 et remerci\u00e9 les organisateurs, il veut aussi \u00e0 son tour d\u00e9cerner des satisf\u00e9cits aux personnes, qui ont contribu\u00e9 \u00e0 sa r\u00e9ussite dans le m\u00e9tier de journaliste \u00e0 travers une c\u00e9r\u00e9monie. Parmi ces personnes, figure Mohamed Bamba Camara qui selon notre confr\u00e8re, a \u00e9t\u00e9 la personne qui lui a aid\u00e9 \u00e0 avoir le stage \u00e0 la radio t\u00e9l\u00e9vision guin\u00e9enne.<\/strong><\/p>\n<p>En pr\u00e9lude \u00e0 cette c\u00e9r\u00e9monie qui est pr\u00e9vue le 31 de ce mois dans un r\u00e9ceptif h\u00f4telier de Conakry, Listo a accord\u00e9 un entretien \u00e0 notre r\u00e9daction pour expliquer la couleur de l\u2019\u00e9v\u00e9nement.<\/p>\n<p>\u00ab C\u2019est un \u00e9v\u00e9nement de reconnaissance, de joie et de partage. Vous savez le 06 d\u00e9cembre dernier, il y a un journal de la place, le journal des actes pos\u00e9s qui m\u2019a d\u00e9cern\u00e9 le prix des actes pos\u00e9s par rapport \u00e0 ma contribution pour l\u2019\u00e9panouissement et la promotion de la culture guin\u00e9enne \u00e0 travers les artistes. Vous n\u2019\u00eates pas sans le savoir que c\u2019est en 2011 que j\u2019ai commenc\u00e9 \u00e0 animer une \u00e9mission \u00e0 la t\u00e9l\u00e9vision nationale, cette \u00e9mission anim\u00e9e sur une t\u00e9l\u00e9vision qui n\u2019\u00e9tait pas vue, mais avec mon engagement, tous les artistes qui sont vedettes de 2019-2020, sont tous pass\u00e9s dans cette \u00e9mission appel\u00e9e (Emulation).<\/p>\n<p>Donc le journal des actes pos\u00e9s tr\u00e8s vigilent et tr\u00e8s reconnaissant par rapport \u00e0 ce que je fais pour la promotion de la culture guin\u00e9enne, m\u2019a d\u00e9cern\u00e9 ce prix des actes pos\u00e9s. Moi aussi pour ne pas rester comme \u00e7a, j\u2019ai dit d\u2019arroser ce prix, d\u2019arroser pourquoi, d\u2019arroser pour une reconnaissance, pour un partage. Ce que j\u2019ai gagn\u00e9, c\u2019est n\u2019est pas pour moi seul, il y a ma famille, mes connaissances, la RTG, les journalistes, mais surtout la reconnaissance \u00e0 l\u2019endroit d\u2019une personne qui a eu la confiance \u00e0 moi et m\u2019a soutenu.<\/p>\n<p>Nous \u00e9tions tous ensemble dans une m\u00eame association, appel\u00e9e l\u2019union de la Basse Cote, il s\u2019agit de Mohamed Bamba Camara, un jour je lui ai dit grand-fr\u00e8re, je veux partir \u00e0 la RTG pour \u00eatre stagiaire, directement il a pris ma main sans discussion, et il m\u2019a envoy\u00e9 l\u00e0-bas. Donc c\u2019est une reconnaissance \u00e0 l\u2019\u00e9gard de cette personne \u00bb, explique Alseny Listo Camara.<\/p>\n<p>Poursuivant son intervention, notre confr\u00e8re revient sur les activit\u00e9s qui seront pr\u00e9vues ce jour.<\/p>\n<p>\u00ab Ce qui est pr\u00e9vu, c\u2019est traditionnel, comme les autres \u00e9v\u00e9nements, il y aura le discours de bienvenue de l\u2019agence qui organise, dont je suis le directeur. Apr\u00e8s ce discours, il y aura la prestation des artistes traditionnels, qui ont fait la promotion de l\u2019instrument qu\u2019on appelle (Bot\u00e9). Une mani\u00e8re non seulement de faire leur promotion, mais aussi celle de cet instrument dont son origine vient de ma terre natale, Benna \u00bb, souligne-t-il.<\/p>\n<p>Concernant l\u2019acc\u00e8s \u00e0 la salle le jour de la c\u00e9r\u00e9monie, Alseny Listo dit que toutes les mesures sont d\u00e9j\u00e0 prises par la structure organisatrice. Sont autoris\u00e9s \u00e0 \u00eatre dans salle, seuls les invit\u00e9s qui sont aujourd\u2019hui en possession de la carte d\u2019invitation.<\/p>\n<p><strong>Ibrahima Sory Kaba<\/strong><\/p>\n","protected":false},"excerpt":{"rendered":"<p>Journaliste culturel, animateur de l\u2019\u00e9mission \u00e9mulation \u00e0 la RTG Boulbinet et dicteur g\u00e9n\u00e9ral d\u2019une agence de communication, Alseny Listo Camara a re\u00e7u une distinction de la part du journal des actes pos\u00e9s, dont l\u2019\u00e9v\u00e9nement s\u2019est d\u00e9roul\u00e9 le 06 d\u00e9cembre 2019 \u00e0 Conakry. Apr\u00e8s avoir f\u00e9licit\u00e9 et remerci\u00e9 les organisateurs, il veut aussi \u00e0 son tour [&hellip;]<\/p>\n","protected":false},"author":2,"featured_media":14681,"comment_status":"open","ping_status":"closed","sticky":false,"template":"","format":"standard","meta":{"buzzeditor_post_format":"","footnotes":""},"categories":[31],"tags":[],"class_list":["post-14680","post","type-post","status-publish","format-standard","has-post-thumbnail","hentry","category-reportage"],"jetpack_featured_media_url":"https:\/\/guineechrono.com\/wp-content\/uploads\/2020\/01\/listo.jpg","amp_enabled":true,"_links":{"self":[{"href":"https:\/\/guineechrono.com\/index.php\/wp-json\/wp\/v2\/posts\/14680","targetHints":{"allow":["GET"]}}],"collection":[{"href":"https:\/\/guineechrono.com\/index.php\/wp-json\/wp\/v2\/posts"}],"about":[{"href":"https:\/\/guineechrono.com\/index.php\/wp-json\/wp\/v2\/types\/post"}],"author":[{"embeddable":true,"href":"https:\/\/guineechrono.com\/index.php\/wp-json\/wp\/v2\/users\/2"}],"replies":[{"embeddable":true,"href":"https:\/\/guineechrono.com\/index.php\/wp-json\/wp\/v2\/comments?post=14680"}],"version-history":[{"count":0,"href":"https:\/\/guineechrono.com\/index.php\/wp-json\/wp\/v2\/posts\/14680\/revisions"}],"wp:featuredmedia":[{"embeddable":true,"href":"https:\/\/guineechrono.com\/index.php\/wp-json\/wp\/v2\/media\/14681"}],"wp:attachment":[{"href":"https:\/\/guineechrono.com\/index.php\/wp-json\/wp\/v2\/media?parent=14680"}],"wp:term":[{"taxonomy":"category","embeddable":true,"href":"https:\/\/guineechrono.com\/index.php\/wp-json\/wp\/v2\/categories?post=14680"},{"taxonomy":"post_tag","embeddable":true,"href":"https:\/\/guineechrono.com\/index.php\/wp-json\/wp\/v2\/tags?post=14680"}],"curies":[{"name":"wp","href":"https:\/\/api.w.org\/{rel}","templated":true}]}}