{"id":14693,"date":"2020-01-29T18:34:59","date_gmt":"2020-01-29T17:34:59","guid":{"rendered":"http:\/\/guineechrono.com\/?p=14693"},"modified":"2020-01-29T18:34:59","modified_gmt":"2020-01-29T17:34:59","slug":"onfpp-des-journalistes-des-redactions-de-la-rtg-en-formation-en-jri","status":"publish","type":"post","link":"https:\/\/guineechrono.com\/index.php\/onfpp-des-journalistes-des-redactions-de-la-rtg-en-formation-en-jri\/","title":{"rendered":"ONFPP : Des journalistes des r\u00e9dactions  de la RTG en formation en JRI"},"content":{"rendered":"<p><strong>Un atelier de formation en Journaliste Reporter d\u2019Image (JRI) s\u2019est ouvert ce matin du mercredi 29 Janvier 2020 dans la salle de conf\u00e9rence du Conseil Economique et Social au profit de 16 journalistes de la Radio T\u00e9l\u00e9vision Guin\u00e9enne (RTG)<\/strong><\/p>\n<p>Selon l\u2019Office Lucien Beindou GUILAO Directeur G\u00e9n\u00e9ral de l\u2019Office National de Formation et de Perfectionnement Professionnel (ONFPP), \u00ab\u00a0l\u2019objectif de ONFPP, c\u2019est de vendre les entreprises meilleures afin qu\u2019elles soient de plus en plus comp\u00e9titives sur le march\u00e9. Comme vous le savez le domaine des m\u00e9dias, est assez comp\u00e9titif en Guin\u00e9e. Et, il est de notre devoir, en tant qu\u2019\u00e9tablissement public, de renforcer les organes publics, la RTG, le journal Horoya, l\u2019Agence Guin\u00e9enne de Presse afin qu\u2019ils travaillent de plus en plus pour \u00eatre comp\u00e9titifs sur le march\u00e9\u00a0\u00bb.<\/p>\n<p>Sur la situation qui a pouss\u00e9 l\u2019ONFPP \u00e0 organiser cette formation, le Directeur d\u00e9clare\u00a0:\u00a0\u00ab\u00a0Il est facile de constater les domaines sur lesquels un journal peut \u00e9voluer. Parce que, nous le voyons tous les jours \u00e0 la t\u00e9l\u00e9vision, dans les journaux papiers, sur les sites et nous savons qu\u2019il y a un moyen pour am\u00e9liorer leur comp\u00e9tence. Et, c\u2019est ce que nous faisons. Nous avons financ\u00e9 cette formation pour am\u00e9liorer les comp\u00e9tences et \u00e7a ne sera pas la derni\u00e8re\u00a0\u00bb.<\/p>\n<p>Directeur G\u00e9n\u00e9ral de la RTG, S\u00e9kouba Savan\u00e9\u00a0 \u00e0 l\u2019ouverture de l\u2019atelier s\u2019est r\u00e9joui de la tenue de cette formation et d\u00e9clare \u00ab\u00a0c\u2019est une immense contribution de l\u2019ONFPP \u00e0 la qualification de nos journalistes pour qu\u2019ils donnent une bonne prestation dans l\u2019exercice de leur m\u00e9tier. Et, venant du l\u2019ONFPP, cela ne me surprend pas du tout. Parce que, c\u2019est une institution qui a pour vocation de former. En ce moment, l\u2019ONFPP pense former nos journalistes dans le domaine pr\u00e9cis de JRI (Journaliste Reporter Image)\u00a0; je crois que cela vient au bon moment et dans la mesure o\u00f9, comme vous vous rendez compte, les d\u00e9fis qui se pr\u00e9sentent en nous sont nombreux. Nous avons aujourd\u2019hui besoin de d\u00e9ployer nos \u00e9quipes \u00e0 beaucoup d\u2019endroits mais, c\u2019est \u00e9vident que nous ne pouvons pas en ce moment faire face \u00e0 toutes les sollicitations dont nous sommes l\u2019objet. Alors, avoir en ce moment pr\u00e9cis, des JRI aussi \u00e0 c\u00f4t\u00e9 des \u00e9quipes compl\u00e8tes qu\u2019on pourrait d\u00e9p\u00eacher sur le terrain, je pense que, renforcer leurs capacit\u00e9s, c\u2019est une tr\u00e8s bonne chose.<\/p>\n<p>Pr\u00e9cisons qu\u2019il y a deux ans, l\u2019ONFPP s\u2019est int\u00e9ress\u00e9 aux m\u00e9dias en formant une quarantaine de journalistes en \u00e9criture journalistique. Une mani\u00e8re de contribuer \u00e0 l\u2019am\u00e9lioration des articles lus dans nos m\u00e9dias. Ensuite en 2019, s\u2019\u00e9tait l\u2019\u00e9quipe du quotidien National Horoya qui a re\u00e7u une formation d\u2019une semaine de la m\u00eame institution.<\/p>\n<p><strong>Gr\u00e9goire ANKOU <\/strong><\/p>\n<p>&nbsp;<\/p>\n","protected":false},"excerpt":{"rendered":"<p>Un atelier de formation en Journaliste Reporter d\u2019Image (JRI) s\u2019est ouvert ce matin du mercredi 29 Janvier 2020 dans la salle de conf\u00e9rence du Conseil Economique et Social au profit de 16 journalistes de la Radio T\u00e9l\u00e9vision Guin\u00e9enne (RTG) Selon l\u2019Office Lucien Beindou GUILAO Directeur G\u00e9n\u00e9ral de l\u2019Office National de Formation et de Perfectionnement Professionnel [&hellip;]<\/p>\n","protected":false},"author":2,"featured_media":14694,"comment_status":"open","ping_status":"closed","sticky":false,"template":"","format":"standard","meta":{"buzzeditor_post_format":"","footnotes":""},"categories":[31],"tags":[],"class_list":["post-14693","post","type-post","status-publish","format-standard","has-post-thumbnail","hentry","category-reportage"],"jetpack_featured_media_url":"https:\/\/guineechrono.com\/wp-content\/uploads\/2020\/01\/onfpp2.jpg","amp_enabled":true,"_links":{"self":[{"href":"https:\/\/guineechrono.com\/index.php\/wp-json\/wp\/v2\/posts\/14693","targetHints":{"allow":["GET"]}}],"collection":[{"href":"https:\/\/guineechrono.com\/index.php\/wp-json\/wp\/v2\/posts"}],"about":[{"href":"https:\/\/guineechrono.com\/index.php\/wp-json\/wp\/v2\/types\/post"}],"author":[{"embeddable":true,"href":"https:\/\/guineechrono.com\/index.php\/wp-json\/wp\/v2\/users\/2"}],"replies":[{"embeddable":true,"href":"https:\/\/guineechrono.com\/index.php\/wp-json\/wp\/v2\/comments?post=14693"}],"version-history":[{"count":0,"href":"https:\/\/guineechrono.com\/index.php\/wp-json\/wp\/v2\/posts\/14693\/revisions"}],"wp:featuredmedia":[{"embeddable":true,"href":"https:\/\/guineechrono.com\/index.php\/wp-json\/wp\/v2\/media\/14694"}],"wp:attachment":[{"href":"https:\/\/guineechrono.com\/index.php\/wp-json\/wp\/v2\/media?parent=14693"}],"wp:term":[{"taxonomy":"category","embeddable":true,"href":"https:\/\/guineechrono.com\/index.php\/wp-json\/wp\/v2\/categories?post=14693"},{"taxonomy":"post_tag","embeddable":true,"href":"https:\/\/guineechrono.com\/index.php\/wp-json\/wp\/v2\/tags?post=14693"}],"curies":[{"name":"wp","href":"https:\/\/api.w.org\/{rel}","templated":true}]}}