{"id":14857,"date":"2020-02-02T10:08:00","date_gmt":"2020-02-02T09:08:00","guid":{"rendered":"http:\/\/guineechrono.com\/?p=14857"},"modified":"2020-02-02T10:08:00","modified_gmt":"2020-02-02T09:08:00","slug":"urgent-les-coordinations-de-la-basse-guinee-et-du-fouta-reportent-leur-assemblee-generale-prevue-ce-dimanche-02-fevrier-2020","status":"publish","type":"post","link":"https:\/\/guineechrono.com\/index.php\/urgent-les-coordinations-de-la-basse-guinee-et-du-fouta-reportent-leur-assemblee-generale-prevue-ce-dimanche-02-fevrier-2020\/","title":{"rendered":"Urgent: les coordinations de la Basse-Guin\u00e9e et du Fouta reportent leur assembl\u00e9e g\u00e9n\u00e9rale pr\u00e9vue ce dimanche 02 f\u00e9vrier 2020"},"content":{"rendered":"<p>La Coordination de l\u2019Union de la Basse Guin\u00e9e \u2013 Lab\u00e9sanyi et la Coordination Nationale des Foulbh\u00e9s et Haali-Poular de Guin\u00e9e ont la profonde douleur d\u2019annoncer au peuple de Guin\u00e9e le d\u00e9c\u00e8s de Elhadj Souleymane Sylla \u00e0 l\u2019\u00e2ge de 95 ans, grand fr\u00e8re de Elhadj S\u00e9khouna Soumah, Kountigui de l\u2019Union de la Basse Guin\u00e9e \u2013 Lab\u00e9sanyi le Vendredi 31 Janvier 2020, d\u00e9c\u00e8s survenu \u00e0 Senyah dans la Sous-Pr\u00e9fecture de Tormelin, Pr\u00e9fecture de Fria. Les c\u00e9r\u00e9monies fun\u00e9raires auront lieu le Dimanche 02 F\u00e9vrier 2020. A cette douloureuse occasion, les patriarches des deux communaut\u00e9s ont d\u00e9cid\u00e9 de diff\u00e9rer la r\u00e9union initialement pr\u00e9vue ce dimanche 02 F\u00e9vrier 2020 \u00e0 Toumaniyah, pour le Jeudi 06 F\u00e9vrier 2020 \u00e0 9 heures au m\u00eame lieu.<\/p>\n<p>Compte tenu de l\u2019importance de l\u2019ordre du jour, les deux (2) Coordinations savent compter sur la pr\u00e9sence massive de chacun et de tous.<\/p>\n<p><em>Fait \u00e0 Conakry le 01 F\u00e9vrier 2020<\/em><\/p>\n<p><strong>Le Secr\u00e9taire Administratif<\/strong><\/p>\n<p><strong>Directeur de Cabinet du Kountigui de l\u2019Union de la Basse Guin\u00e9e \u2013 Lab\u00e9sanyi<\/strong><\/p>\n","protected":false},"excerpt":{"rendered":"<p>La Coordination de l\u2019Union de la Basse Guin\u00e9e \u2013 Lab\u00e9sanyi et la Coordination Nationale des Foulbh\u00e9s et Haali-Poular de Guin\u00e9e ont la profonde douleur d\u2019annoncer au peuple de Guin\u00e9e le d\u00e9c\u00e8s de Elhadj Souleymane Sylla \u00e0 l\u2019\u00e2ge de 95 ans, grand fr\u00e8re de Elhadj S\u00e9khouna Soumah, Kountigui de l\u2019Union de la Basse Guin\u00e9e \u2013 Lab\u00e9sanyi [&hellip;]<\/p>\n","protected":false},"author":2,"featured_media":14858,"comment_status":"open","ping_status":"closed","sticky":false,"template":"","format":"standard","meta":{"buzzeditor_post_format":"","footnotes":""},"categories":[1],"tags":[],"class_list":["post-14857","post","type-post","status-publish","format-standard","has-post-thumbnail","hentry","category-non-classe"],"jetpack_featured_media_url":"https:\/\/guineechrono.com\/wp-content\/uploads\/2020\/02\/sage.jpg","amp_enabled":true,"_links":{"self":[{"href":"https:\/\/guineechrono.com\/index.php\/wp-json\/wp\/v2\/posts\/14857","targetHints":{"allow":["GET"]}}],"collection":[{"href":"https:\/\/guineechrono.com\/index.php\/wp-json\/wp\/v2\/posts"}],"about":[{"href":"https:\/\/guineechrono.com\/index.php\/wp-json\/wp\/v2\/types\/post"}],"author":[{"embeddable":true,"href":"https:\/\/guineechrono.com\/index.php\/wp-json\/wp\/v2\/users\/2"}],"replies":[{"embeddable":true,"href":"https:\/\/guineechrono.com\/index.php\/wp-json\/wp\/v2\/comments?post=14857"}],"version-history":[{"count":0,"href":"https:\/\/guineechrono.com\/index.php\/wp-json\/wp\/v2\/posts\/14857\/revisions"}],"wp:featuredmedia":[{"embeddable":true,"href":"https:\/\/guineechrono.com\/index.php\/wp-json\/wp\/v2\/media\/14858"}],"wp:attachment":[{"href":"https:\/\/guineechrono.com\/index.php\/wp-json\/wp\/v2\/media?parent=14857"}],"wp:term":[{"taxonomy":"category","embeddable":true,"href":"https:\/\/guineechrono.com\/index.php\/wp-json\/wp\/v2\/categories?post=14857"},{"taxonomy":"post_tag","embeddable":true,"href":"https:\/\/guineechrono.com\/index.php\/wp-json\/wp\/v2\/tags?post=14857"}],"curies":[{"name":"wp","href":"https:\/\/api.w.org\/{rel}","templated":true}]}}