{"id":1496,"date":"2018-08-30T15:45:22","date_gmt":"2018-08-30T14:45:22","guid":{"rendered":"http:\/\/guineechrono.com\/?p=1496"},"modified":"2018-08-30T15:45:22","modified_gmt":"2018-08-30T14:45:22","slug":"lopposition-demande-a-bourema-conde-de-fixer-une-date-pour-installer-les-executifs-communaux","status":"publish","type":"post","link":"https:\/\/guineechrono.com\/index.php\/lopposition-demande-a-bourema-conde-de-fixer-une-date-pour-installer-les-executifs-communaux\/","title":{"rendered":"L\u2019opposition demande \u00e0 Bour\u00e9ma Cond\u00e9 de \u2018\u2018fixer une date pour installer les ex\u00e9cutifs communaux\u2019\u2019"},"content":{"rendered":"<p>R\u00e9unie en pl\u00e9ni\u00e8re, ce jeudi 29 Ao\u00fbt, au QG de l\u2019UFDG, l\u2019opposition dite r\u00e9publicaine sous la houlette de son chef, Cellou Dalein Diallo, a regrett\u00e9 que depuis la signature de l\u2019accord, le 8 ao\u00fbt dernier, en ce qui concerne le contentieux \u00e9lectoral, apr\u00e8s trois semaines \u00e9coul\u00e9es\u00a0: \u00ab\u00a0on n\u2019a pas proc\u00e9d\u00e9 \u00e0 l\u2019installation des conseils communaux malgr\u00e9 l\u2019engagement que le gouvernement \u00e0 travers sa d\u00e9l\u00e9gation avait pris\u00a0\u00bb, souligne, Dembo Sylla, qui faisait office de porte-parole du jour.<\/p>\n<p>Poursuivant son compte-rendu, il d\u00e9clare aussi que\u00a0: \u00ab\u00a0malgr\u00e9 la signature de cet accord, le harc\u00e8lement contre les responsables des partis d\u2019opposition, contre nos militants, continue ici m\u00eame \u00e0 Conakry et \u00e0 travers le pays. Jusqu\u2019\u00e0 pr\u00e9sent, nos responsables sont en prison, ils n\u2019ont pas \u00e9t\u00e9 lib\u00e9r\u00e9s.\u00a0\u00bb<\/p>\n<div class=\"td-g-rec td-g-rec-id-content_inlineleft td_uid_13_5b87f8feac048_rand td_block_template_1 \"><\/div>\n<p>Pour lui, \u00ab\u00a0le gouvernement n\u2019a pas respect\u00e9 cette partie de son engagement ainsi que d\u2019autres parties contenues dans la convention qui a \u00e9t\u00e9 sign\u00e9e avec l\u2019opposition r\u00e9publicaine\u00a0\u00bb.<\/p>\n<p>C\u2019est pourquoi\u00a0: \u00ab\u00a0Nous d\u00e9plorons ce comportement du gouvernement vis \u00e0 vis de l\u2019accord (du 8 ao\u00fbt dernier, ndlr)\u00a0\u00bb.<\/p>\n<p>Il a par ailleurs, pour conclure, ajout\u00e9 que\u00a0: \u00ab\u00a0l\u2019opposition demande donc au ministre de l\u2019administration du territoire et de la d\u00e9centralisation de fixer une date pour proc\u00e9der \u00e0 l\u2019installation des ex\u00e9cutifs communaux \u00e0 travers le Pays.\u00a0\u00bb<\/p>\n","protected":false},"excerpt":{"rendered":"<p>R\u00e9unie en pl\u00e9ni\u00e8re, ce jeudi 29 Ao\u00fbt, au QG de l\u2019UFDG, l\u2019opposition dite r\u00e9publicaine sous la houlette de son chef, Cellou Dalein Diallo, a regrett\u00e9 que depuis la signature de l\u2019accord, le 8 ao\u00fbt dernier, en ce qui concerne le contentieux \u00e9lectoral, apr\u00e8s trois semaines \u00e9coul\u00e9es\u00a0: \u00ab\u00a0on n\u2019a pas proc\u00e9d\u00e9 \u00e0 l\u2019installation des conseils communaux [&hellip;]<\/p>\n","protected":false},"author":2,"featured_media":1497,"comment_status":"open","ping_status":"closed","sticky":false,"template":"","format":"standard","meta":{"buzzeditor_post_format":"","footnotes":""},"categories":[1],"tags":[],"class_list":["post-1496","post","type-post","status-publish","format-standard","has-post-thumbnail","hentry","category-non-classe"],"jetpack_featured_media_url":"https:\/\/guineechrono.com\/wp-content\/uploads\/2018\/08\/opposition.jpg","amp_enabled":true,"_links":{"self":[{"href":"https:\/\/guineechrono.com\/index.php\/wp-json\/wp\/v2\/posts\/1496","targetHints":{"allow":["GET"]}}],"collection":[{"href":"https:\/\/guineechrono.com\/index.php\/wp-json\/wp\/v2\/posts"}],"about":[{"href":"https:\/\/guineechrono.com\/index.php\/wp-json\/wp\/v2\/types\/post"}],"author":[{"embeddable":true,"href":"https:\/\/guineechrono.com\/index.php\/wp-json\/wp\/v2\/users\/2"}],"replies":[{"embeddable":true,"href":"https:\/\/guineechrono.com\/index.php\/wp-json\/wp\/v2\/comments?post=1496"}],"version-history":[{"count":0,"href":"https:\/\/guineechrono.com\/index.php\/wp-json\/wp\/v2\/posts\/1496\/revisions"}],"wp:featuredmedia":[{"embeddable":true,"href":"https:\/\/guineechrono.com\/index.php\/wp-json\/wp\/v2\/media\/1497"}],"wp:attachment":[{"href":"https:\/\/guineechrono.com\/index.php\/wp-json\/wp\/v2\/media?parent=1496"}],"wp:term":[{"taxonomy":"category","embeddable":true,"href":"https:\/\/guineechrono.com\/index.php\/wp-json\/wp\/v2\/categories?post=1496"},{"taxonomy":"post_tag","embeddable":true,"href":"https:\/\/guineechrono.com\/index.php\/wp-json\/wp\/v2\/tags?post=1496"}],"curies":[{"name":"wp","href":"https:\/\/api.w.org\/{rel}","templated":true}]}}