{"id":15219,"date":"2020-02-08T10:54:02","date_gmt":"2020-02-08T09:54:02","guid":{"rendered":"http:\/\/guineechrono.com\/?p=15219"},"modified":"2020-02-08T10:54:02","modified_gmt":"2020-02-08T09:54:02","slug":"guinee-alpha-conde-fixe-louverture-et-la-fermeture-de-la-campagne-pour-le-referendum-decret","status":"publish","type":"post","link":"https:\/\/guineechrono.com\/index.php\/guinee-alpha-conde-fixe-louverture-et-la-fermeture-de-la-campagne-pour-le-referendum-decret\/","title":{"rendered":"Guin\u00e9e : Alpha Cond\u00e9 fixe l\u2019ouverture et la fermeture de la campagne  pour le r\u00e9f\u00e9rendum (d\u00e9cret)"},"content":{"rendered":"<p>Dans un d\u00e9cret lu \u00e0 la t\u00e9l\u00e9vision nationale ce vendredi soir, le pr\u00e9sident de la r\u00e9publique a annonc\u00e9 l\u2019ouverture et la fermeture de la campagne du r\u00e9f\u00e9rendum en Guin\u00e9e pour une nouvelle constitution.<\/p>\n<p>Dans ce d\u00e9cret, le chef de l\u2019Etat a fix\u00e9\u00a0 l\u2019ouverture de cette campagne le samedi 15 f\u00e9vrier 2020 \u00e0 0h pour \u00a0s\u2019achever le vendredi 28 f\u00e9vrier 2020 \u00e0 0h.<\/p>\n<p><strong>R\u00e9daction <\/strong><\/p>\n","protected":false},"excerpt":{"rendered":"<p>Dans un d\u00e9cret lu \u00e0 la t\u00e9l\u00e9vision nationale ce vendredi soir, le pr\u00e9sident de la r\u00e9publique a annonc\u00e9 l\u2019ouverture et la fermeture de la campagne du r\u00e9f\u00e9rendum en Guin\u00e9e pour une nouvelle constitution. Dans ce d\u00e9cret, le chef de l\u2019Etat a fix\u00e9\u00a0 l\u2019ouverture de cette campagne le samedi 15 f\u00e9vrier 2020 \u00e0 0h pour \u00a0s\u2019achever [&hellip;]<\/p>\n","protected":false},"author":2,"featured_media":15220,"comment_status":"open","ping_status":"closed","sticky":false,"template":"","format":"standard","meta":{"buzzeditor_post_format":"","footnotes":""},"categories":[1],"tags":[],"class_list":["post-15219","post","type-post","status-publish","format-standard","has-post-thumbnail","hentry","category-non-classe"],"jetpack_featured_media_url":"https:\/\/guineechrono.com\/wp-content\/uploads\/2020\/02\/decret-3.jpg","amp_enabled":true,"_links":{"self":[{"href":"https:\/\/guineechrono.com\/index.php\/wp-json\/wp\/v2\/posts\/15219","targetHints":{"allow":["GET"]}}],"collection":[{"href":"https:\/\/guineechrono.com\/index.php\/wp-json\/wp\/v2\/posts"}],"about":[{"href":"https:\/\/guineechrono.com\/index.php\/wp-json\/wp\/v2\/types\/post"}],"author":[{"embeddable":true,"href":"https:\/\/guineechrono.com\/index.php\/wp-json\/wp\/v2\/users\/2"}],"replies":[{"embeddable":true,"href":"https:\/\/guineechrono.com\/index.php\/wp-json\/wp\/v2\/comments?post=15219"}],"version-history":[{"count":0,"href":"https:\/\/guineechrono.com\/index.php\/wp-json\/wp\/v2\/posts\/15219\/revisions"}],"wp:featuredmedia":[{"embeddable":true,"href":"https:\/\/guineechrono.com\/index.php\/wp-json\/wp\/v2\/media\/15220"}],"wp:attachment":[{"href":"https:\/\/guineechrono.com\/index.php\/wp-json\/wp\/v2\/media?parent=15219"}],"wp:term":[{"taxonomy":"category","embeddable":true,"href":"https:\/\/guineechrono.com\/index.php\/wp-json\/wp\/v2\/categories?post=15219"},{"taxonomy":"post_tag","embeddable":true,"href":"https:\/\/guineechrono.com\/index.php\/wp-json\/wp\/v2\/tags?post=15219"}],"curies":[{"name":"wp","href":"https:\/\/api.w.org\/{rel}","templated":true}]}}