{"id":1533,"date":"2018-09-03T15:10:22","date_gmt":"2018-09-03T14:10:22","guid":{"rendered":"http:\/\/guineechrono.com\/?p=1533"},"modified":"2018-09-03T15:10:22","modified_gmt":"2018-09-03T14:10:22","slug":"feguifoot-suspendu-pour-insubordination-ibrahima-sadio-bah-dit-accepter-sa-sanction-et-presente-ses-excuses","status":"publish","type":"post","link":"https:\/\/guineechrono.com\/index.php\/feguifoot-suspendu-pour-insubordination-ibrahima-sadio-bah-dit-accepter-sa-sanction-et-presente-ses-excuses\/","title":{"rendered":"F\u00e9guifoot : suspendu pour \u2018\u2019insubordination, Ibrahima Sadio Bah dit accepter sa sanction et pr\u00e9sente ses excuses"},"content":{"rendered":"<p>Sur son compte Facebook, le journaliste Ibrahima Sadio Bah et Officier M\u00e9dia du d\u00e9partement Communication de la F\u00e9d\u00e9ration Guin\u00e9enne de Football, suspendu pour insubordination \u00e0 l\u2019endroit du 1er vice-pr\u00e9sident de la F\u00e9guifoot Amadou Diaby a pr\u00e9sent\u00e9 ses excuses\u2026 Apr\u00e8s le malheureux incident survenu le Vendredi 31 Ao\u00fbt 2018, lors de la Conf\u00e9rence de Presse du S\u00e9lectionneur du Syli National, Paul PUT, le Comit\u00e9 Ex\u00e9cutif a pris une mesure de sanction \u00e0 mon \u00e9gard. Apr\u00e8s r\u00e9flexion, j\u2019accepte cette suspension. Je profite de l\u2019occasion, pour exprimer mes regrets et excuses au Pr\u00e9sident de la F\u00e9d\u00e9ration Guin\u00e9enne de Football,\u00a0Mamadou Antonio\u00a0Souare, au Premier Vice-Pr\u00e9sident,\u00a0Amadou\u00a0Diaby\u00a0(qui pr\u00e9sidait la s\u00e9ance), au Comit\u00e9 Ex\u00e9cutif et \u00e0 tous mes coll\u00e8gues JOURNALISTES.\u00a0 Ibrahima\u00a0Sadio Bah.<\/p>\n","protected":false},"excerpt":{"rendered":"<p>Sur son compte Facebook, le journaliste Ibrahima Sadio Bah et Officier M\u00e9dia du d\u00e9partement Communication de la F\u00e9d\u00e9ration Guin\u00e9enne de Football, suspendu pour insubordination \u00e0 l\u2019endroit du 1er vice-pr\u00e9sident de la F\u00e9guifoot Amadou Diaby a pr\u00e9sent\u00e9 ses excuses\u2026 Apr\u00e8s le malheureux incident survenu le Vendredi 31 Ao\u00fbt 2018, lors de la Conf\u00e9rence de Presse du [&hellip;]<\/p>\n","protected":false},"author":2,"featured_media":1534,"comment_status":"open","ping_status":"closed","sticky":false,"template":"","format":"standard","meta":{"buzzeditor_post_format":"","footnotes":""},"categories":[1],"tags":[],"class_list":["post-1533","post","type-post","status-publish","format-standard","has-post-thumbnail","hentry","category-non-classe"],"jetpack_featured_media_url":"https:\/\/guineechrono.com\/wp-content\/uploads\/2018\/09\/SIEGE-FEGUIFOOT1.jpg","amp_enabled":true,"_links":{"self":[{"href":"https:\/\/guineechrono.com\/index.php\/wp-json\/wp\/v2\/posts\/1533","targetHints":{"allow":["GET"]}}],"collection":[{"href":"https:\/\/guineechrono.com\/index.php\/wp-json\/wp\/v2\/posts"}],"about":[{"href":"https:\/\/guineechrono.com\/index.php\/wp-json\/wp\/v2\/types\/post"}],"author":[{"embeddable":true,"href":"https:\/\/guineechrono.com\/index.php\/wp-json\/wp\/v2\/users\/2"}],"replies":[{"embeddable":true,"href":"https:\/\/guineechrono.com\/index.php\/wp-json\/wp\/v2\/comments?post=1533"}],"version-history":[{"count":0,"href":"https:\/\/guineechrono.com\/index.php\/wp-json\/wp\/v2\/posts\/1533\/revisions"}],"wp:featuredmedia":[{"embeddable":true,"href":"https:\/\/guineechrono.com\/index.php\/wp-json\/wp\/v2\/media\/1534"}],"wp:attachment":[{"href":"https:\/\/guineechrono.com\/index.php\/wp-json\/wp\/v2\/media?parent=1533"}],"wp:term":[{"taxonomy":"category","embeddable":true,"href":"https:\/\/guineechrono.com\/index.php\/wp-json\/wp\/v2\/categories?post=1533"},{"taxonomy":"post_tag","embeddable":true,"href":"https:\/\/guineechrono.com\/index.php\/wp-json\/wp\/v2\/tags?post=1533"}],"curies":[{"name":"wp","href":"https:\/\/api.w.org\/{rel}","templated":true}]}}