{"id":1540,"date":"2018-09-03T17:37:30","date_gmt":"2018-09-03T16:37:30","guid":{"rendered":"http:\/\/guineechrono.com\/?p=1540"},"modified":"2018-09-03T17:37:30","modified_gmt":"2018-09-03T16:37:30","slug":"rentree-scolaire-2018-2019-les-cadres-du-departement-se-concertent-pour-bien-preparer","status":"publish","type":"post","link":"https:\/\/guineechrono.com\/index.php\/rentree-scolaire-2018-2019-les-cadres-du-departement-se-concertent-pour-bien-preparer\/","title":{"rendered":"Rentr\u00e9e  scolaire 2018 &#8211; 2019 : Les cadres du d\u00e9partement se concertent pour bien pr\u00e9parer"},"content":{"rendered":"<p><strong><em>Les cadres du Minist\u00e8re de L\u2019Education Nationale et de l\u2019Alphab\u00e9tisation\u00a0\u00a0\u00e0 travers le Comit\u00e9 de Pilotage\u00a0\u00a0a organise\u00a0\u00a0une session nationale de concertation sur les pr\u00e9paratifs de la rentr\u00e9 scolaires 2018 &#8211; 2019.\u00a0\u00a0La rencontre s\u2019\u00e9tend du lundi 03 au 04 septembre 2018 \u00e0 Conakry.<\/em><\/strong><\/p>\n<p>Cette c\u00e9r\u00e9monie d\u2019ouverture a \u00e9t\u00e9 pr\u00e9sid\u00e9e par le ministre de l\u2019Administration du territoire et de la d\u00e9centralisation le g\u00e9n\u00e9ral Bour\u00e9ma Cond\u00e9 repr\u00e9sentant du Premier ministre.<\/p>\n<p>Dans son discours,\u00a0\u00a0Mory Sangar\u00e9 ministre de l\u2019\u00e9ducation nationale et de l\u2019alphab\u00e9tisation a fait savoir aux participants\u00a0\u00a0les th\u00e9matiques qui seront abord\u00e9s au cours de ces deux jours de travaux\u00a0: \u00ab\u00a0Durant ces deux jours, nous passerons a revue la situation \u00e9ducative \u00e0\u00a0\u00a0la\u00a0\u00a0base et nous nous emploierons \u00e0 d\u00e9finir des meilleurs\u00a0\u00a0strat\u00e9gies pour l\u2019atteinte des objectifs d\u2019une \u00e9ducation de qualit\u00e9 pour tous\u00bb,\u00a0a d\u00e9clar\u00e9 le ministre Sangar\u00e9.<\/p>\n<p>Parlant de sa pertinence, l\u2019orateur rappel ceci\u00a0: \u00ab\u00a0La particularit\u00e9 de ressembler l\u2019ensemble des acteurs et des partenaires de l\u2019\u00e9ducation pour faire du syst\u00e8me de l\u2019\u00e9ducation \u00e9tant\u00a0\u00a0monteur du progr\u00e8s de la Guin\u00e9e\u00bb, a-t-il rappel\u00e9.<\/p>\n<p>De son cot\u00e9, le repr\u00e9sentant du premier ministre \u00e0 cette c\u00e9r\u00e9monie\u00a0\u00a0a invit\u00e9 les participants \u00e0 formuler les recommandations qui seront\u00a0\u00a0favorables, plus\u00a0\u00a0pertinentes allant dans le sens de la feuille de route du d\u00e9partement. Mais \u00e9galement devraient\u00a0\u00a0permettre de d\u00e9marrer l\u2019ann\u00e9e scolaire sur une base solide, l\u2019espoir\u00a0non seulement pour les \u00e9l\u00e8ves mais aussi pour\u00a0\u00a0les parents d\u2019\u00e9l\u00e8ves.<\/p>\n<p>Et d\u2019ajouter\u00a0: \u00ab\u00a0Cette \u00a0initiative rassure le gouvernement sur la fiabilit\u00e9, la cr\u00e9dibilit\u00e9 et la pertinence des recommandations auxquelles vous allez aboutir pendent vos travaux d\u2019\u00e9changes.\u00a0\u00bb<\/p>\n<p>A noter que, la pr\u00e9sente concertation s\u2019inscrit dans la dynamique du pr\u00e9paratif de la rentr\u00e9e scolaire 2018-2019 et de la relance du dialogue sectoriel entre le forum guin\u00e9en des partenaires en \u00e9ducation (FGPE) et le gouvernement.\u00a0\u00a0Un v\u00e9ritable espace de concertation au autour des probl\u00e8mes de l\u2019\u00e9cole et d\u2019identification des strat\u00e9gies efficaces permettant de relever les d\u00e9fis.<\/p>\n<p><strong>Damounya Camara<\/strong><\/p>\n","protected":false},"excerpt":{"rendered":"<p>Les cadres du Minist\u00e8re de L\u2019Education Nationale et de l\u2019Alphab\u00e9tisation\u00a0\u00a0\u00e0 travers le Comit\u00e9 de Pilotage\u00a0\u00a0a organise\u00a0\u00a0une session nationale de concertation sur les pr\u00e9paratifs de la rentr\u00e9 scolaires 2018 &#8211; 2019.\u00a0\u00a0La rencontre s\u2019\u00e9tend du lundi 03 au 04 septembre 2018 \u00e0 Conakry. Cette c\u00e9r\u00e9monie d\u2019ouverture a \u00e9t\u00e9 pr\u00e9sid\u00e9e par le ministre de l\u2019Administration du territoire et [&hellip;]<\/p>\n","protected":false},"author":2,"featured_media":1541,"comment_status":"open","ping_status":"closed","sticky":false,"template":"","format":"standard","meta":{"buzzeditor_post_format":"","footnotes":""},"categories":[1],"tags":[],"class_list":["post-1540","post","type-post","status-publish","format-standard","has-post-thumbnail","hentry","category-non-classe"],"jetpack_featured_media_url":"https:\/\/guineechrono.com\/wp-content\/uploads\/2018\/09\/education.jpg","amp_enabled":true,"_links":{"self":[{"href":"https:\/\/guineechrono.com\/index.php\/wp-json\/wp\/v2\/posts\/1540","targetHints":{"allow":["GET"]}}],"collection":[{"href":"https:\/\/guineechrono.com\/index.php\/wp-json\/wp\/v2\/posts"}],"about":[{"href":"https:\/\/guineechrono.com\/index.php\/wp-json\/wp\/v2\/types\/post"}],"author":[{"embeddable":true,"href":"https:\/\/guineechrono.com\/index.php\/wp-json\/wp\/v2\/users\/2"}],"replies":[{"embeddable":true,"href":"https:\/\/guineechrono.com\/index.php\/wp-json\/wp\/v2\/comments?post=1540"}],"version-history":[{"count":0,"href":"https:\/\/guineechrono.com\/index.php\/wp-json\/wp\/v2\/posts\/1540\/revisions"}],"wp:featuredmedia":[{"embeddable":true,"href":"https:\/\/guineechrono.com\/index.php\/wp-json\/wp\/v2\/media\/1541"}],"wp:attachment":[{"href":"https:\/\/guineechrono.com\/index.php\/wp-json\/wp\/v2\/media?parent=1540"}],"wp:term":[{"taxonomy":"category","embeddable":true,"href":"https:\/\/guineechrono.com\/index.php\/wp-json\/wp\/v2\/categories?post=1540"},{"taxonomy":"post_tag","embeddable":true,"href":"https:\/\/guineechrono.com\/index.php\/wp-json\/wp\/v2\/tags?post=1540"}],"curies":[{"name":"wp","href":"https:\/\/api.w.org\/{rel}","templated":true}]}}