{"id":1580,"date":"2018-09-05T16:45:44","date_gmt":"2018-09-05T15:45:44","guid":{"rendered":"http:\/\/guineechrono.com\/?p=1580"},"modified":"2018-09-05T16:45:44","modified_gmt":"2018-09-05T15:45:44","slug":"salif-keita-met-fin-a-sa-carriere","status":"publish","type":"post","link":"https:\/\/guineechrono.com\/index.php\/salif-keita-met-fin-a-sa-carriere\/","title":{"rendered":"Salif K\u00e9\u00efta Met Fin \u00c0 Sa Carri\u00e8re!"},"content":{"rendered":"<p>Quelques heures avec son concert \u00e0 la Grande Halle de La Villette, dans le cadre du festival Jazz \u00e0 La Villette, Salif K\u00e9\u00efta annonc\u00e9 prendre sa retraite des studios apr\u00e8s la pr\u00e9sentation de son dernier opus \u201cUn autre blanc\u201d.<\/p>\n<p>\u00ab\u00a0J\u2019aurai 70 ans en 2019. Et vraiment, je suis fatigu\u00e9. Les bus, les avions, les trains\u2026je n\u2019ai plus la force pour \u00e7a ! Vraiment, je vais prendre mes distances par rapport \u00e0 tout \u00e7a. J\u2019ai vraiment d\u00e9cid\u00e9 de ne plus rentrer en studio apr\u00e8s avoir enregistr\u00e9 cet album-l\u00e0. Je ne vais pas dire que je ne ferai plus de musique, ou que je ne ferai plus un morceau isol\u00e9, mais faire un album, c\u2019est vraiment la derni\u00e8re fois. C\u2019est le d\u00e9lire de faire un album\u00a0\u00bb, a-t-il affirm\u00e9.<\/p>\n<p>La sortie de ce dernier album, co\u00efncide avec la c\u00e9l\u00e9bration des 50 ans de carri\u00e8re de l\u2019artiste, d\u00e9fenseur des albinos. Mais il a laiss\u00e9 entendre qu\u2019il fera des collaborations avec ses amis artistes, si besoin se manifeste.<\/p>\n<p>Suivez l\u2019audio de son entretien avec la radionava :<\/p>\n<p><iframe title=\"Salif Ke\u00efta : \u00ab Cet album-l\u00e0 sera le dernier de ma carri\u00e8re \u00bb by laradionova\" width=\"500\" height=\"400\" scrolling=\"no\" frameborder=\"no\" src=\"https:\/\/w.soundcloud.com\/player\/?visual=true&#038;url=https%3A%2F%2Fapi.soundcloud.com%2Ftracks%2F492826578&#038;show_artwork=true&#038;maxheight=750&#038;maxwidth=500\"><\/iframe><\/p>\n","protected":false},"excerpt":{"rendered":"<p>Quelques heures avec son concert \u00e0 la Grande Halle de La Villette, dans le cadre du festival Jazz \u00e0 La Villette, Salif K\u00e9\u00efta annonc\u00e9 prendre sa retraite des studios apr\u00e8s la pr\u00e9sentation de son dernier opus \u201cUn autre blanc\u201d. \u00ab\u00a0J\u2019aurai 70 ans en 2019. Et vraiment, je suis fatigu\u00e9. Les bus, les avions, les trains\u2026je [&hellip;]<\/p>\n","protected":false},"author":2,"featured_media":1582,"comment_status":"open","ping_status":"closed","sticky":false,"template":"","format":"standard","meta":{"buzzeditor_post_format":"","footnotes":""},"categories":[1],"tags":[],"class_list":["post-1580","post","type-post","status-publish","format-standard","has-post-thumbnail","hentry","category-non-classe"],"jetpack_featured_media_url":"https:\/\/guineechrono.com\/wp-content\/uploads\/2018\/09\/salif-bon.jpg","amp_enabled":true,"_links":{"self":[{"href":"https:\/\/guineechrono.com\/index.php\/wp-json\/wp\/v2\/posts\/1580","targetHints":{"allow":["GET"]}}],"collection":[{"href":"https:\/\/guineechrono.com\/index.php\/wp-json\/wp\/v2\/posts"}],"about":[{"href":"https:\/\/guineechrono.com\/index.php\/wp-json\/wp\/v2\/types\/post"}],"author":[{"embeddable":true,"href":"https:\/\/guineechrono.com\/index.php\/wp-json\/wp\/v2\/users\/2"}],"replies":[{"embeddable":true,"href":"https:\/\/guineechrono.com\/index.php\/wp-json\/wp\/v2\/comments?post=1580"}],"version-history":[{"count":0,"href":"https:\/\/guineechrono.com\/index.php\/wp-json\/wp\/v2\/posts\/1580\/revisions"}],"wp:featuredmedia":[{"embeddable":true,"href":"https:\/\/guineechrono.com\/index.php\/wp-json\/wp\/v2\/media\/1582"}],"wp:attachment":[{"href":"https:\/\/guineechrono.com\/index.php\/wp-json\/wp\/v2\/media?parent=1580"}],"wp:term":[{"taxonomy":"category","embeddable":true,"href":"https:\/\/guineechrono.com\/index.php\/wp-json\/wp\/v2\/categories?post=1580"},{"taxonomy":"post_tag","embeddable":true,"href":"https:\/\/guineechrono.com\/index.php\/wp-json\/wp\/v2\/tags?post=1580"}],"curies":[{"name":"wp","href":"https:\/\/api.w.org\/{rel}","templated":true}]}}