{"id":16130,"date":"2020-03-03T14:29:19","date_gmt":"2020-03-03T13:29:19","guid":{"rendered":"http:\/\/guineechrono.com\/?p=16130"},"modified":"2020-03-04T08:09:09","modified_gmt":"2020-03-04T07:09:09","slug":"fete-internationale-des-femmes-madame-le-ministre-de-lagriculture-annonce-les-couleurs","status":"publish","type":"post","link":"https:\/\/guineechrono.com\/index.php\/fete-internationale-des-femmes-madame-le-ministre-de-lagriculture-annonce-les-couleurs\/","title":{"rendered":"F\u00eate internationale des femmes : Madame le  Ministre de l\u2019agriculture annonce les couleurs"},"content":{"rendered":"<p><strong>En pr\u00e9lude de la f\u00eate internationale des femmes pr\u00e9vue le 8 mars prochain, les pr\u00e9paratifs vont bon train en r\u00e9publique de Guin\u00e9e. C\u2019est le r\u00e9sultat d\u2019une r\u00e9union tenue ce lundi 02 mars 2020 \u00e0 Conakry par la commission d\u2019organisation, pr\u00e9sid\u00e9e par la ministre de l\u2019agriculture, Mariama Camara repr\u00e9sentante du ministre de l\u2019action sociale, de la promotion f\u00e9minine et de l\u2019enfance.<\/strong><\/p>\n<p>Selon la ministre de l\u2019agriculture, Mariama Camara, repr\u00e9sente de son homologue de l\u2019action sociale, de la promotion f\u00e9minine et de l\u2019enfance, le Th\u00e8me de cette ann\u00e9e est: \u00abJe suis de la g\u00e9n\u00e9ration \u00e9galit\u00e9. Levons-nous pour les droits des femmes\u00a0\u00bb.<\/p>\n<p>Dans son intervention, Mariama Camara, ministre de l\u2019agriculture a soulign\u00e9 quelques activit\u00e9s pr\u00e9vues \u00e0 cet \u00e9v\u00e9nement. \u00abEn Guin\u00e9e particuli\u00e8rement, beaucoup de choses sont programm\u00e9s dont entre autres: la marche, l\u2019exposition des produits guin\u00e9ens\u2026\u00a0\u00bb, annonce-t-elle.<\/p>\n<p><a href=\"http:\/\/guineechrono.com\/wp-content\/uploads\/2020\/03\/Soguipah.jpg\"><img fetchpriority=\"high\" decoding=\"async\" class=\"alignnone size-medium wp-image-16224\" src=\"http:\/\/guineechrono.com\/wp-content\/uploads\/2020\/03\/Soguipah-300x200.jpg\" alt=\"\" width=\"300\" height=\"200\" srcset=\"https:\/\/guineechrono.com\/wp-content\/uploads\/2020\/03\/Soguipah-300x200.jpg 300w, https:\/\/guineechrono.com\/wp-content\/uploads\/2020\/03\/Soguipah-768x512.jpg 768w, https:\/\/guineechrono.com\/wp-content\/uploads\/2020\/03\/Soguipah-1024x683.jpg 1024w, https:\/\/guineechrono.com\/wp-content\/uploads\/2020\/03\/Soguipah-696x464.jpg 696w, https:\/\/guineechrono.com\/wp-content\/uploads\/2020\/03\/Soguipah-1068x712.jpg 1068w, https:\/\/guineechrono.com\/wp-content\/uploads\/2020\/03\/Soguipah-630x420.jpg 630w\" sizes=\"(max-width: 300px) 100vw, 300px\" \/><\/a>Selon elle, comme toujours la f\u00eate se d\u00e9roulera sous l\u2019\u00e9gide du pr\u00e9sident de la R\u00e9publique, Pr Alpha Cond\u00e9<\/p>\n<p>Elle poursuit en ajoutant que les pr\u00e9paratifs vont bon train. \u00ab Les pr\u00e9paratifs vont bon train, vous avez suivit aujourd\u2019hui la r\u00e9union des femmes, elles sont vraiment d\u00e9cid\u00e9es et veulent venir en tenue afin de prouver qu\u2019elles sont encore d\u2019avantage engag\u00e9es pour la lutte en faveur du d\u00e9veloppement \u00e9conomique, de la lib\u00e9ration et de l\u2019\u00e9mancipation r\u00e9elle de la femme guin\u00e9enne \u00bb, a-t-elle pr\u00e9cis\u00e9.<\/p>\n<p>Cette ann\u00e9e, la c\u00e9l\u00e9bration de cette journ\u00e9e intervient dans un contexte sociopolitique tr\u00e8s tendu entre les guin\u00e9ens. Pour \u00e9viter \u00e0 notre pays de sombrer dans le chao, Madame la Ministre de l\u2019agriculture a invit\u00e9 les femmes \u00e0 s\u2019investir davantage dans la promotion de la paix et de l\u2019unit\u00e9 nationale entre les fils et filles de la Guin\u00e9e. \u00ab Mon message est tout simplement, un message de paix. Nous sommes en train de pr\u00f4ner la paix dans nos m\u00e9nages et partout dans le pays. Toutes les corporations de femmes que vous avez rencontr\u00e9 ce matin, des ONG, nous pr\u00f4nons la paix car sans la paix rien ne peut se faire\u00bb, conclu Madame le ministre de l\u2019agriculture.<\/p>\n<p><strong>Aboubacar Pastoria Camara<\/strong><\/p>\n<p><strong>Tel\u00a0: 00\u00a0224\u00a0628 08 45 86 <\/strong><\/p>\n<p>&nbsp;<\/p>\n","protected":false},"excerpt":{"rendered":"<p>En pr\u00e9lude de la f\u00eate internationale des femmes pr\u00e9vue le 8 mars prochain, les pr\u00e9paratifs vont bon train en r\u00e9publique de Guin\u00e9e. C\u2019est le r\u00e9sultat d\u2019une r\u00e9union tenue ce lundi 02 mars 2020 \u00e0 Conakry par la commission d\u2019organisation, pr\u00e9sid\u00e9e par la ministre de l\u2019agriculture, Mariama Camara repr\u00e9sentante du ministre de l\u2019action sociale, de la [&hellip;]<\/p>\n","protected":false},"author":2,"featured_media":16132,"comment_status":"open","ping_status":"closed","sticky":false,"template":"","format":"standard","meta":{"buzzeditor_post_format":"","footnotes":""},"categories":[1],"tags":[],"class_list":["post-16130","post","type-post","status-publish","format-standard","has-post-thumbnail","hentry","category-non-classe"],"jetpack_featured_media_url":"https:\/\/guineechrono.com\/wp-content\/uploads\/2020\/03\/soguipa.jpg","amp_enabled":true,"_links":{"self":[{"href":"https:\/\/guineechrono.com\/index.php\/wp-json\/wp\/v2\/posts\/16130","targetHints":{"allow":["GET"]}}],"collection":[{"href":"https:\/\/guineechrono.com\/index.php\/wp-json\/wp\/v2\/posts"}],"about":[{"href":"https:\/\/guineechrono.com\/index.php\/wp-json\/wp\/v2\/types\/post"}],"author":[{"embeddable":true,"href":"https:\/\/guineechrono.com\/index.php\/wp-json\/wp\/v2\/users\/2"}],"replies":[{"embeddable":true,"href":"https:\/\/guineechrono.com\/index.php\/wp-json\/wp\/v2\/comments?post=16130"}],"version-history":[{"count":0,"href":"https:\/\/guineechrono.com\/index.php\/wp-json\/wp\/v2\/posts\/16130\/revisions"}],"wp:featuredmedia":[{"embeddable":true,"href":"https:\/\/guineechrono.com\/index.php\/wp-json\/wp\/v2\/media\/16132"}],"wp:attachment":[{"href":"https:\/\/guineechrono.com\/index.php\/wp-json\/wp\/v2\/media?parent=16130"}],"wp:term":[{"taxonomy":"category","embeddable":true,"href":"https:\/\/guineechrono.com\/index.php\/wp-json\/wp\/v2\/categories?post=16130"},{"taxonomy":"post_tag","embeddable":true,"href":"https:\/\/guineechrono.com\/index.php\/wp-json\/wp\/v2\/tags?post=16130"}],"curies":[{"name":"wp","href":"https:\/\/api.w.org\/{rel}","templated":true}]}}