{"id":16557,"date":"2020-03-17T08:36:05","date_gmt":"2020-03-17T07:36:05","guid":{"rendered":"http:\/\/guineechrono.com\/?p=16557"},"modified":"2020-03-17T08:36:05","modified_gmt":"2020-03-17T07:36:05","slug":"coronavirus-le-senegal-suspend-toute-ligne-aerienne-en-provenance-de-certains-pays-dont-la-france-et-litalie","status":"publish","type":"post","link":"https:\/\/guineechrono.com\/index.php\/coronavirus-le-senegal-suspend-toute-ligne-aerienne-en-provenance-de-certains-pays-dont-la-france-et-litalie\/","title":{"rendered":"Coronavirus : le S\u00e9n\u00e9gal suspend toute ligne a\u00e9rienne en provenance de certains pays dont la France et l&rsquo;Italie"},"content":{"rendered":"<p><strong>A partir de mercredi minuit, toutes lignes a\u00e9riennes en provenance de la France et de l&rsquo;Italie seront suspendues au S\u00e9n\u00e9gal.<\/strong><\/p>\n<p>D&rsquo;autres pays d&rsquo;Europe, tel que l&rsquo;Espagne, la Belgique et le Portugal, ainsi que l&rsquo;Alg\u00e9rie et la Tunisie, au Maghreb, sont aussi concern\u00e9s par cette mesure.<\/p>\n<p>Le ministre de minist\u00e8re du Tourisme et des transports a\u00e9riens, Alioune Sarr a expliqu\u00e9 que cette d\u00e9cision visait \u00e0 \u00ab\u00a0\u00e9viter que le pays ne soit un espace de transmission et de propagation de Covid 19\u00a0\u00bb.<\/p>\n<p>Ce pays de l&rsquo;Afrique de l&rsquo;Ouest compte \u00e0 pr\u00e9sent 27 cas, dont 2 d\u00e9clar\u00e9s gu\u00e9ris.<\/p>\n<p>Ces mesures seront appliqu\u00e9es pendant une p\u00e9riode d&rsquo;un mois, a ajout\u00e9 le ministre du Tourisme et des transports a\u00e9riens.<\/p>\n<p>Selon lui, elles devraient aider \u00e0 \u00ab\u00a0arr\u00eater le flux direct et indirect en provenance des zones \u00e0 risque\u00a0\u00bb afin de \u00ab\u00a0r\u00e9duire la cha\u00eene de transmission et en minimiser l&rsquo;impact\u00a0\u00bb.<\/p>\n<p>Seuls les vols d&rsquo;\u00e9vacuation sanitaire pourront continuer d&rsquo;arriver des pays concern\u00e9s ainsi que les vols cargo mais les \u00e9quipages devront rester \u00e0 bord et le temps d&rsquo;escale devra \u00eatre r\u00e9duit au strict minimum.<\/p>\n<p>Ces mesures, note le ministre Sarr, s&rsquo;inscrivent dans la continuit\u00e9 des d\u00e9cisions prises le samedi 14 mars dernier par le pr\u00e9sident s\u00e9n\u00e9galais Macky Sall.<\/p>\n<p><strong>Bbcafrique.com <\/strong><\/p>\n","protected":false},"excerpt":{"rendered":"<p>A partir de mercredi minuit, toutes lignes a\u00e9riennes en provenance de la France et de l&rsquo;Italie seront suspendues au S\u00e9n\u00e9gal. D&rsquo;autres pays d&rsquo;Europe, tel que l&rsquo;Espagne, la Belgique et le Portugal, ainsi que l&rsquo;Alg\u00e9rie et la Tunisie, au Maghreb, sont aussi concern\u00e9s par cette mesure. Le ministre de minist\u00e8re du Tourisme et des transports a\u00e9riens, [&hellip;]<\/p>\n","protected":false},"author":2,"featured_media":16558,"comment_status":"open","ping_status":"closed","sticky":false,"template":"","format":"standard","meta":{"buzzeditor_post_format":"","footnotes":""},"categories":[1],"tags":[],"class_list":["post-16557","post","type-post","status-publish","format-standard","has-post-thumbnail","hentry","category-non-classe"],"jetpack_featured_media_url":"https:\/\/guineechrono.com\/wp-content\/uploads\/2020\/03\/virus1.jpg","amp_enabled":true,"_links":{"self":[{"href":"https:\/\/guineechrono.com\/index.php\/wp-json\/wp\/v2\/posts\/16557","targetHints":{"allow":["GET"]}}],"collection":[{"href":"https:\/\/guineechrono.com\/index.php\/wp-json\/wp\/v2\/posts"}],"about":[{"href":"https:\/\/guineechrono.com\/index.php\/wp-json\/wp\/v2\/types\/post"}],"author":[{"embeddable":true,"href":"https:\/\/guineechrono.com\/index.php\/wp-json\/wp\/v2\/users\/2"}],"replies":[{"embeddable":true,"href":"https:\/\/guineechrono.com\/index.php\/wp-json\/wp\/v2\/comments?post=16557"}],"version-history":[{"count":0,"href":"https:\/\/guineechrono.com\/index.php\/wp-json\/wp\/v2\/posts\/16557\/revisions"}],"wp:featuredmedia":[{"embeddable":true,"href":"https:\/\/guineechrono.com\/index.php\/wp-json\/wp\/v2\/media\/16558"}],"wp:attachment":[{"href":"https:\/\/guineechrono.com\/index.php\/wp-json\/wp\/v2\/media?parent=16557"}],"wp:term":[{"taxonomy":"category","embeddable":true,"href":"https:\/\/guineechrono.com\/index.php\/wp-json\/wp\/v2\/categories?post=16557"},{"taxonomy":"post_tag","embeddable":true,"href":"https:\/\/guineechrono.com\/index.php\/wp-json\/wp\/v2\/tags?post=16557"}],"curies":[{"name":"wp","href":"https:\/\/api.w.org\/{rel}","templated":true}]}}