{"id":1676,"date":"2018-09-14T17:42:29","date_gmt":"2018-09-14T16:42:29","guid":{"rendered":"http:\/\/guineechrono.com\/?p=1676"},"modified":"2018-09-14T17:43:15","modified_gmt":"2018-09-14T16:43:15","slug":"violences-a-mandiana-cinq-manifestants-blesses-et-la-residence-du-prefet-en-flamme-temoins","status":"publish","type":"post","link":"https:\/\/guineechrono.com\/index.php\/violences-a-mandiana-cinq-manifestants-blesses-et-la-residence-du-prefet-en-flamme-temoins\/","title":{"rendered":"Violences \u00e0 Mandiana: cinq manifestants bless\u00e9s et la r\u00e9sidence du pr\u00e9fet en flamme (t\u00e9moins)"},"content":{"rendered":"<p>Selon plusieurs t\u00e9moins joints au t\u00e9l\u00e9phone par Guin\u00e9enews ce vendredi 14 septembre, les jeunes manifestants contre les promesses non tenues par le chef de l\u2019Etat, ont incendi\u00e9 la r\u00e9sidence du pr\u00e9fet Mohamed Cheick Diallo.<\/p>\n<p>Dans le feu de l\u2019action, Nouhan Bayo, le porte-parole des jeunes se dit d\u00e9pass\u00e9 par les \u00e9v\u00e8nements. Avant d\u2019affirmer qu\u2019ils iront jusqu\u2019au bout.\u00a0<em>\u00abCe qui se passe \u00e0 Mandiana ce matin m\u2019a d\u00e9pass\u00e9. Les forces de l\u2019ordre nous tirent dessus \u00e0 balles r\u00e9elles. Cinq parmi nous ont pris des balles alors que nous \u00e9tions munis seulement des banderoles et des pancartes. Nous n\u2019\u00e9tions sur aucun lieu public. La r\u00e9sidence du pr\u00e9fet est en flamme parce que c\u2019est lui qui a donn\u00e9 l\u2019autorisation aux milliaires, des b\u00e9rets rouges de tirer sur les manifestants. Nous avons pens\u00e9 que c\u2019est une r\u00e9clamation de droit\u2026\u00bb,<\/em>\u00a0a-t-il laiss\u00e9 entendre au bout du fil.<\/p>\n<p><em>\u00a0\u00abPour l\u2019instant la r\u00e9sidence du pr\u00e9fet est quadrill\u00e9e par les militaires<\/em>\u00bb, a-t-il pr\u00e9cis\u00e9.<\/p>\n<p>Nos tentatives d\u2019avoir le pr\u00e9fet Mohamed Cheick Diallo sont rest\u00e9es vaines.<\/p>\n","protected":false},"excerpt":{"rendered":"<p>Selon plusieurs t\u00e9moins joints au t\u00e9l\u00e9phone par Guin\u00e9enews ce vendredi 14 septembre, les jeunes manifestants contre les promesses non tenues par le chef de l\u2019Etat, ont incendi\u00e9 la r\u00e9sidence du pr\u00e9fet Mohamed Cheick Diallo. Dans le feu de l\u2019action, Nouhan Bayo, le porte-parole des jeunes se dit d\u00e9pass\u00e9 par les \u00e9v\u00e8nements. Avant d\u2019affirmer qu\u2019ils iront [&hellip;]<\/p>\n","protected":false},"author":2,"featured_media":1677,"comment_status":"open","ping_status":"closed","sticky":false,"template":"","format":"standard","meta":{"buzzeditor_post_format":"","footnotes":""},"categories":[1],"tags":[],"class_list":["post-1676","post","type-post","status-publish","format-standard","has-post-thumbnail","hentry","category-non-classe"],"jetpack_featured_media_url":"https:\/\/guineechrono.com\/wp-content\/uploads\/2018\/09\/Mandiana.jpg","amp_enabled":true,"_links":{"self":[{"href":"https:\/\/guineechrono.com\/index.php\/wp-json\/wp\/v2\/posts\/1676","targetHints":{"allow":["GET"]}}],"collection":[{"href":"https:\/\/guineechrono.com\/index.php\/wp-json\/wp\/v2\/posts"}],"about":[{"href":"https:\/\/guineechrono.com\/index.php\/wp-json\/wp\/v2\/types\/post"}],"author":[{"embeddable":true,"href":"https:\/\/guineechrono.com\/index.php\/wp-json\/wp\/v2\/users\/2"}],"replies":[{"embeddable":true,"href":"https:\/\/guineechrono.com\/index.php\/wp-json\/wp\/v2\/comments?post=1676"}],"version-history":[{"count":0,"href":"https:\/\/guineechrono.com\/index.php\/wp-json\/wp\/v2\/posts\/1676\/revisions"}],"wp:featuredmedia":[{"embeddable":true,"href":"https:\/\/guineechrono.com\/index.php\/wp-json\/wp\/v2\/media\/1677"}],"wp:attachment":[{"href":"https:\/\/guineechrono.com\/index.php\/wp-json\/wp\/v2\/media?parent=1676"}],"wp:term":[{"taxonomy":"category","embeddable":true,"href":"https:\/\/guineechrono.com\/index.php\/wp-json\/wp\/v2\/categories?post=1676"},{"taxonomy":"post_tag","embeddable":true,"href":"https:\/\/guineechrono.com\/index.php\/wp-json\/wp\/v2\/tags?post=1676"}],"curies":[{"name":"wp","href":"https:\/\/api.w.org\/{rel}","templated":true}]}}