{"id":1701,"date":"2018-09-19T20:10:44","date_gmt":"2018-09-19T19:10:44","guid":{"rendered":"http:\/\/guineechrono.com\/?p=1701"},"modified":"2018-09-19T20:10:44","modified_gmt":"2018-09-19T19:10:44","slug":"guinee-cest-parti-le-seminaire-regional-interparlementaire-pour-la-mise-en-oeuvre-du-traite-sur-le-commerce-des-armes-en-afrique-de-louest-et-au-sahel","status":"publish","type":"post","link":"https:\/\/guineechrono.com\/index.php\/guinee-cest-parti-le-seminaire-regional-interparlementaire-pour-la-mise-en-oeuvre-du-traite-sur-le-commerce-des-armes-en-afrique-de-louest-et-au-sahel\/","title":{"rendered":"Guin\u00e9e : c\u2019est parti le  s\u00e9minaire r\u00e9gional interparlementaire pour la mise en \u0153uvre du trait\u00e9 sur le commerce des armes en Afrique de l\u2019Ouest et au Sahel"},"content":{"rendered":"<p style=\"font-weight: 400\"><strong>Quelle implication des parlementaires pour la mise en \u0153uvre du trait\u00e9 sur le commerce des armes (tca) en Afrique de l\u2019ouest et au sahel est le th\u00e8me d\u2019un s\u00e9minaire r\u00e9gional lanc\u00e9 ce mercredi 19 septembre 2018 \u00e0 Conakry. C\u2019est une initiative de la fondation allemande, KONRAD ADENAUER en collaboration avec le parlement guin\u00e9en.<\/strong><\/p>\n<p style=\"font-weight: 400\">Dans son discours, le pr\u00e9sident de l\u2019assembl\u00e9e nationale Claude Kory KONDIANO a d\u2019abord \u00a0remerci\u00e9 la fondation KONRAD ADENAUER, l\u2019initiatrice du s\u00e9minaire. Avant d\u2019expliquer l\u2019importance de la rencontre.<\/p>\n<p style=\"font-weight: 400\">Selon lui, \u00a0la mise en \u0153uvre effective du trait\u00e9 sur le commerce des armes qui \u00e9tabli des normes internationales communes vise \u00e0 r\u00e9glementer le commerce international des armes est tout \u00e9vidence \u00e0 gagner dans le combat contre la menace \u00e0 la paix et \u00e0 la s\u00e9curit\u00e9 internationale. \u00ab\u00a0Cette mise en \u0153uvre, n\u00e9cessit\u00e9 une s\u00e9rie de mesure d\u2019ordre l\u00e9gislatif, administratif et pratique interne. La forme, la structure et le fondement l\u00e9gislatif de ces mesures sont \u00e9videmment d\u00e9termin\u00e9 par chaque Etat\u00a0\u00bb d\u00e9clare-t-il.<\/p>\n<p style=\"font-weight: 400\">Poursuivant, il annonce qu\u2019il reste convaincu au vu de la qualit\u00e9 des participants et les objectifs assign\u00e9s \u00e0 ce s\u00e9minaire r\u00e9gional. \u00ab Les travaux de cette rencontre abouterons \u00e0 des d\u00e9cisions et des recommandations pertinentes en vue de la mise en place d\u2019un r\u00e9seau interparlementaire de dialogue sur les probl\u00e8mes de la s\u00e9curit\u00e9 dans notre sous-r\u00e9gion\u00a0\u00bb souhaite-t-il.<\/p>\n<p style=\"font-weight: 400\">De son cot\u00e9, le rapporteur de la commission d\u00e9fense et s\u00e9curit\u00e9 a l\u2019assembl\u00e9e nationale de guin\u00e9e, honorable Aly KABA, \u00a0donne l\u2019objectif de ce s\u00e9minaire.<\/p>\n<p style=\"font-weight: 400\">Selon lui, \u00a0le climat dans lequel se trouve aujourd\u2019hui le continent africain \u00a0et m\u00eame le monde entier en mati\u00e8re de s\u00e9curit\u00e9, se pose beaucoup d\u2019interrogations. \u00ab\u00a0Parce que vous n\u2019\u00eates pas\u00a0 sans savoir que la plupart des crises sont aliment\u00e9es par les armes l\u00e9g\u00e8res.\u00a0 Sur 49 grands conflits identifi\u00e9s, 47 ont \u00e9t\u00e9 aliment\u00e9s par les armes l\u00e9g\u00e8res\u00a0\u00bb a-t-il d\u00e9montr\u00e9<\/p>\n<p style=\"font-weight: 400\">Il a ensuite indiqu\u00e9 que lutter contre les armes l\u00e9g\u00e8res est une priorit\u00e9 aujourd\u2019hui. \u00ab\u00a0Les conflits arm\u00e9s sont r\u00e9currents, et les nouvelles formes d\u2019attaques ou d\u2019agressions, se trouvent \u00eatre aujourd\u2019hui le terrorisme. Et dans ce cadre, les armes l\u00e9g\u00e8res, les armes de petits\u00a0 calibres sont utilis\u00e9es couramment, parce qu\u2019il est facile de les dissimiler, il est facile de les faire passer sans qu\u2019on ne se rende compte\u00a0\u00bb pr\u00e9cise-t-il.<\/p>\n<p style=\"font-weight: 400\">A rappeler que ce s\u00e9minaire a regroup\u00e9 les parlementaires de cinq pays africains et prend fin demain jeudi 20 septembre 2018 \u00e0 Conakry.<\/p>\n<p><strong>Aboubacar Pastoria Camara<\/strong><\/p>\n","protected":false},"excerpt":{"rendered":"<p>Quelle implication des parlementaires pour la mise en \u0153uvre du trait\u00e9 sur le commerce des armes (tca) en Afrique de l\u2019ouest et au sahel est le th\u00e8me d\u2019un s\u00e9minaire r\u00e9gional lanc\u00e9 ce mercredi 19 septembre 2018 \u00e0 Conakry. C\u2019est une initiative de la fondation allemande, KONRAD ADENAUER en collaboration avec le parlement guin\u00e9en. Dans son [&hellip;]<\/p>\n","protected":false},"author":2,"featured_media":1702,"comment_status":"open","ping_status":"closed","sticky":false,"template":"","format":"standard","meta":{"buzzeditor_post_format":"","footnotes":""},"categories":[1],"tags":[],"class_list":["post-1701","post","type-post","status-publish","format-standard","has-post-thumbnail","hentry","category-non-classe"],"jetpack_featured_media_url":"https:\/\/guineechrono.com\/wp-content\/uploads\/2018\/09\/seminaire.jpg","amp_enabled":true,"_links":{"self":[{"href":"https:\/\/guineechrono.com\/index.php\/wp-json\/wp\/v2\/posts\/1701","targetHints":{"allow":["GET"]}}],"collection":[{"href":"https:\/\/guineechrono.com\/index.php\/wp-json\/wp\/v2\/posts"}],"about":[{"href":"https:\/\/guineechrono.com\/index.php\/wp-json\/wp\/v2\/types\/post"}],"author":[{"embeddable":true,"href":"https:\/\/guineechrono.com\/index.php\/wp-json\/wp\/v2\/users\/2"}],"replies":[{"embeddable":true,"href":"https:\/\/guineechrono.com\/index.php\/wp-json\/wp\/v2\/comments?post=1701"}],"version-history":[{"count":0,"href":"https:\/\/guineechrono.com\/index.php\/wp-json\/wp\/v2\/posts\/1701\/revisions"}],"wp:featuredmedia":[{"embeddable":true,"href":"https:\/\/guineechrono.com\/index.php\/wp-json\/wp\/v2\/media\/1702"}],"wp:attachment":[{"href":"https:\/\/guineechrono.com\/index.php\/wp-json\/wp\/v2\/media?parent=1701"}],"wp:term":[{"taxonomy":"category","embeddable":true,"href":"https:\/\/guineechrono.com\/index.php\/wp-json\/wp\/v2\/categories?post=1701"},{"taxonomy":"post_tag","embeddable":true,"href":"https:\/\/guineechrono.com\/index.php\/wp-json\/wp\/v2\/tags?post=1701"}],"curies":[{"name":"wp","href":"https:\/\/api.w.org\/{rel}","templated":true}]}}