{"id":1704,"date":"2018-09-19T20:37:14","date_gmt":"2018-09-19T19:37:14","guid":{"rendered":"http:\/\/guineechrono.com\/?p=1704"},"modified":"2018-09-19T20:37:14","modified_gmt":"2018-09-19T19:37:14","slug":"cheick-toure-defere-a-la-maison-centrale-la-reaction-de-son-avocat","status":"publish","type":"post","link":"https:\/\/guineechrono.com\/index.php\/cheick-toure-defere-a-la-maison-centrale-la-reaction-de-son-avocat\/","title":{"rendered":"Cheick Tour\u00e9 d\u00e9f\u00e9r\u00e9 \u00e0 la Maison centrale: la r\u00e9action de son avocat"},"content":{"rendered":"<p>Le leader syndical du PAC (Port Autonome de Conakry), Cheick Tour\u00e9 en compagnie de son avocat, Me. Salifou B\u00e9avogui a \u00e9t\u00e9 pr\u00e9sent\u00e9 ce mercredi 19 septembre au Procureur de la R\u00e9publique pr\u00e8s le TPI (Tribunal de Premi\u00e8re Instance) de Kaloum. Celui-ci a d\u00e9cid\u00e9 de le garder \u00abprovisoirement\u00bb \u00e0 la Maison centrale de Conakry.<\/p>\n<p>Interrog\u00e9, Me Salifou B\u00e9avogui a non seulement d\u00e9nonc\u00e9 la nullit\u00e9 de la proc\u00e9dure mais aussi, il a indiqu\u00e9 que son client a agi dans le cadre syndical pour d\u00e9fendre les int\u00e9r\u00eats mat\u00e9riels et moraux de ses travailleurs. Lisez\u00a0:<\/p>\n<p>\u00abCheick Tour\u00e9, chef de la d\u00e9l\u00e9gation syndicale, membre du CA (Conseil d\u2019Administration) du PAC (Port Autonome de Conakry) et de surcroit, \u2018\u2019d\u00e9put\u00e9\u2019\u2019 \u00e0 l\u2019Assembl\u00e9e nationale a re\u00e7u une invitation de la DNPJ (Direction Nationale de la Police Judicaire). Aussit\u00f4t, j\u2019ai \u00e9t\u00e9 r\u00e9guli\u00e8rement constitu\u00e9 et il \u00e9tait question que je l\u2019accompagne \u00e0 la DNPJ pour qu\u2019il lui soit notifi\u00e9 les motifs de son appel. En r\u00e9alit\u00e9, en violation de l\u2019article 82, la convocation qui lui a \u00e9t\u00e9 d\u00e9livr\u00e9e \u00e0 la Bourse du Travail \u00e0 Kaloum, n\u2019indiquait ni l\u2019infraction, ni les textes de loi qui r\u00e9priment son infraction, ni son droit d\u2019\u00eatre assist\u00e9 par un avocat, ni son droit de b\u00e9n\u00e9ficier de l\u2019aide juridictionnelle, ni son droit \u00e0 la commission d\u2019un avocat d\u2019office au besoin. Or, en droit p\u00e9nal, il y a la mani\u00e8re et la mati\u00e8re. On n\u2019utilise pas n\u2019importe qu\u2019elle mani\u00e8re pour aboutir \u00e0 la manifestation de la v\u00e9rit\u00e9. C\u2019est pour ces raisons que nous avons estim\u00e9 que la mani\u00e8re n\u2019est pas conforme \u00e0 la loi. Et, nous avons oppos\u00e9 cette nullit\u00e9 \u00e0 la proc\u00e9dure. Mais qu\u2019\u00e0 cela ne tienne, Cheick Tour\u00e9 a \u00e9t\u00e9 entendu. L\u2019enqu\u00eate pr\u00e9liminaire \u00e9tant secr\u00e8te, je ne rentrerai pas dans les d\u00e9tails. Tout ce que je peux dire, mon client est poursuivi pour \u2018\u2019diffamation et d\u00e9nonciation calomnieuse\u2019\u2019 \u00e0 l\u2019encontre du chef de l\u2019Etat et de son fils.<\/p>\n<p>Ce 19 septembre \u00e0 9 heures en ma compagnie, Cheick Tour\u00e9 a \u00e9t\u00e9 pr\u00e9sent\u00e9 au procureur de la R\u00e9publique pr\u00e8s le TPI de Kaloum qui a d\u00e9cid\u00e9 de le poursuivre pour \u2018\u2019diffamation et d\u00e9nonciation calomnieuse\u2019\u2019 \u00e0 l\u2019encontre du chef de l\u2019Etat et de son fils. Et cons\u00e9quemment, dans son pouvoir d\u2019opportunit\u00e9 de la poursuite et de possibilit\u00e9 d\u2019orientation ou de mode de saisine, le Procureur de la R\u00e9publique a d\u00e9cid\u00e9 d\u2019ouvrir une information judiciaire conform\u00e9ment aux dispositions\u00a0 du code de\u00a0 proc\u00e9dure p\u00e9nale notamment dans son article 60.<\/p>\n<p>Devant le juge d\u2019instruction, nous avons soulev\u00e9 l\u2019obstacle\u00a0 juridique \u00e0 la poursuite autrement dit nous avons oppos\u00e9 la nullit\u00e9 parlementaire. Parce que mon client est b\u00e9n\u00e9ficiaire d\u2019un arr\u00eat de la Cour Constitutionnelle qui lui conf\u00e8re la qualit\u00e9 de d\u00e9put\u00e9\u00a0 \u00e0 l\u2019Assembl\u00e9e nationale en attente d\u2019installation au mois d\u2019octobre, en sa qualit\u00e9 de suppl\u00e9ant. Donc, nous avons oppos\u00e9 cet obstacle \u00e0 la poursuite d\u00e8s lors que, par ailleurs, la proc\u00e9dure a \u00e9t\u00e9 bris\u00e9e. Il n\u2019y a pas eu de flagrant d\u00e9lit, mais\u00a0dans sa sagacit\u00e9, le doyen des juges d\u2019instruction apr\u00e8s l\u2019avoir inculp\u00e9 pour des faits pr\u00e9cit\u00e9s, a d\u00e9cid\u00e9 de le placer en d\u00e9tention provisoire \u00a0en d\u00e9pit de notre demande de maintien en libert\u00e9 provisoire. Parce que nous avons estim\u00e9 que notre client b\u00e9n\u00e9ficie de la pr\u00e9somption d\u2019innocence.\u00a0Cheick Tour\u00e9 n\u2019est pas un d\u00e9linquant primaire, il a un domicile fixe et connu de tous.\u00a0 Toutes les d\u00e9clarations qu\u2019il a eues \u00e0 tenir sont des d\u00e9clarations syndicales que je dirai m\u00eame syndicalistes allant uniquement dans le sens de la d\u00e9fense des int\u00e9r\u00eats mat\u00e9riels et moraux, non seulement, des syndiqu\u00e9s mais aussi du patrimoine des syndiqu\u00e9s.<\/p>\n<p>Nous estimons que cette d\u00e9tention de Cheick Tour\u00e9 est contraire \u00e0 la loi et en cons\u00e9quence, dans les minutes qui vont suivre une demande d\u2019appel sera introduit pour que la proc\u00e9dure soit d\u00e9clench\u00e9e afin que la chambre de contr\u00f4le de l\u2019instruction de la Cour d\u2019appel se prononce sur la mise en d\u00e9tention provisoire de\u00a0 notre client. J\u2019ai remont\u00e9 le moral de mon client, je lui ai fait comprendre que c\u2019est comme \u00e7a aussi les exigences de la loi. Je l\u2019ai accompagn\u00e9 \u00e0 la Maison de d\u00e9tention dans le calme et dans la s\u00e9r\u00e9nit\u00e9. Il a \u00e9t\u00e9 re\u00e7u par le r\u00e9gisseur\u00a0 de la Maison d\u2019arr\u00eat dans les conditions acceptables. Donc, mon client est en d\u00e9tention provisoire. Il est serein et tranquille, il ne se reproche de rien, il clame son innocence et il pense qu\u2019il est victime d\u2019arbitraire. Nous allons utiliser toutes les dispositions l\u00e9gales appropri\u00e9es en la mati\u00e8re pour obtenir tr\u00e8s rapidement dans un premier temps sa remise en libert\u00e9 et \u00e9ventuellement l\u2019abandon des poursuites parce que les faits ne sont \u00e9tablis\u00bb.<\/p>\n<p><strong>guineenews<\/strong><\/p>\n","protected":false},"excerpt":{"rendered":"<p>Le leader syndical du PAC (Port Autonome de Conakry), Cheick Tour\u00e9 en compagnie de son avocat, Me. Salifou B\u00e9avogui a \u00e9t\u00e9 pr\u00e9sent\u00e9 ce mercredi 19 septembre au Procureur de la R\u00e9publique pr\u00e8s le TPI (Tribunal de Premi\u00e8re Instance) de Kaloum. Celui-ci a d\u00e9cid\u00e9 de le garder \u00abprovisoirement\u00bb \u00e0 la Maison centrale de Conakry. Interrog\u00e9, Me [&hellip;]<\/p>\n","protected":false},"author":2,"featured_media":1706,"comment_status":"open","ping_status":"closed","sticky":false,"template":"","format":"standard","meta":{"buzzeditor_post_format":"","footnotes":""},"categories":[1],"tags":[],"class_list":["post-1704","post","type-post","status-publish","format-standard","has-post-thumbnail","hentry","category-non-classe"],"jetpack_featured_media_url":"https:\/\/guineechrono.com\/wp-content\/uploads\/2018\/09\/me-bea2.jpg","amp_enabled":true,"_links":{"self":[{"href":"https:\/\/guineechrono.com\/index.php\/wp-json\/wp\/v2\/posts\/1704","targetHints":{"allow":["GET"]}}],"collection":[{"href":"https:\/\/guineechrono.com\/index.php\/wp-json\/wp\/v2\/posts"}],"about":[{"href":"https:\/\/guineechrono.com\/index.php\/wp-json\/wp\/v2\/types\/post"}],"author":[{"embeddable":true,"href":"https:\/\/guineechrono.com\/index.php\/wp-json\/wp\/v2\/users\/2"}],"replies":[{"embeddable":true,"href":"https:\/\/guineechrono.com\/index.php\/wp-json\/wp\/v2\/comments?post=1704"}],"version-history":[{"count":0,"href":"https:\/\/guineechrono.com\/index.php\/wp-json\/wp\/v2\/posts\/1704\/revisions"}],"wp:featuredmedia":[{"embeddable":true,"href":"https:\/\/guineechrono.com\/index.php\/wp-json\/wp\/v2\/media\/1706"}],"wp:attachment":[{"href":"https:\/\/guineechrono.com\/index.php\/wp-json\/wp\/v2\/media?parent=1704"}],"wp:term":[{"taxonomy":"category","embeddable":true,"href":"https:\/\/guineechrono.com\/index.php\/wp-json\/wp\/v2\/categories?post=1704"},{"taxonomy":"post_tag","embeddable":true,"href":"https:\/\/guineechrono.com\/index.php\/wp-json\/wp\/v2\/tags?post=1704"}],"curies":[{"name":"wp","href":"https:\/\/api.w.org\/{rel}","templated":true}]}}