{"id":17495,"date":"2020-04-28T10:27:24","date_gmt":"2020-04-28T09:27:24","guid":{"rendered":"http:\/\/guineechrono.com\/?p=17495"},"modified":"2020-04-28T10:27:24","modified_gmt":"2020-04-28T09:27:24","slug":"covid-19-notre-systeme-de-sante-a-montre-son-incapacite-a-freiner-cette-progression-prof-koutoubou-sano","status":"publish","type":"post","link":"https:\/\/guineechrono.com\/index.php\/covid-19-notre-systeme-de-sante-a-montre-son-incapacite-a-freiner-cette-progression-prof-koutoubou-sano\/","title":{"rendered":"Covid-19 : \u2018\u2019notre syst\u00e8me de sant\u00e9 a montr\u00e9 son incapacit\u00e9 \u00e0 freiner cette progression\u2019\u2019 (Prof Koutoubou Sano)"},"content":{"rendered":"<p>\u00ab <strong>S\u00e9bastien Bazin<\/strong>\u00a0<strong>m\u2019a appel\u00e9 mercredi soir pour savoir si j\u2019\u00e9tais d\u2019accord pour rentrer dans le dispositif\u2026 Je n\u2019ai pas h\u00e9sit\u00e9 une seconde et bien \u00e9videmment accept\u00e9. Je ne sais pas combien (de patients du Covid-19) viendront (dans nos \u00e9tablissements h\u00f4teliers). Nos 213 chambres avec t\u00e9l\u00e9vision et Wifi seront pr\u00eates\u2026 C\u2019est mon devoir d\u2019entreprise familiale.\u00bb, dixit Olivier Pelat, le principal franchis\u00e9 du groupe d\u2019Accor.<\/strong><\/p>\n<p>\u00ab\u00a0<strong>Une progression effrayante, alarmante et dangereuse du Covid-19\u00a0\u00bb<\/strong>!<\/p>\n<p>En d\u00e9pit des efforts inlassables d\u00e9ploy\u00e9s par nos braves m\u00e9decins \u00e0 travers l\u2019Agence nationale de la s\u00e9curit\u00e9 sanitaire\u00a0<strong>(ANSS)<\/strong>\u00a0pour contrer la progression du Covid-19, force est de reconna\u00eetre que la maladie n\u2019a connu aucun recul en Guin\u00e9e. Pire, le Covid-19 est en train d\u2019avancer de fa\u00e7on tr\u00e8s pr\u00e9occupante et m\u00eame inqui\u00e9tante.<\/p>\n<p>Quarante-cinq\u00a0<strong>(45)<\/strong>\u00a0jours apr\u00e8s la confirmation du premier cas, pr\u00e9cis\u00e9ment le\u00a0<strong>12\/3\/2020<\/strong>, notre pays enregistre aujourd\u2019hui plus de\u00a0<strong>1163<\/strong>\u00a0cas confirm\u00e9s, soit plus de\u00a0<strong>26<\/strong>\u00a0cas environ par jour !!<\/p>\n<p>Cette progression est \u00e0 la fois\u00a0<strong>effrayante, alarmante et grave!<\/strong><\/p>\n<p><strong>Effrayante<\/strong> parce qu\u2019elle est devenue communautaire, et personne n\u2019est d\u00e9sormais \u00e0 l\u2019abri.<\/p>\n<p><strong>Alarmante<\/strong>\u00a0par ce qu\u2019elle est en train de progresser vers l\u2019int\u00e9rieur du pays qui ne dispose pas des infrastructures ad\u00e9quates pour la prise en charge des patients du Covid-19.<\/p>\n<p>S\u00fbrement,\u00a0<strong>dangereuse<\/strong>\u00a0parce que notre syst\u00e8me de sant\u00e9 a montr\u00e9 \u00e0 suffisance son impuissance et son incapacit\u00e9 \u00e0 freiner cette progression. Et pourtant tout portait \u00e0 croire qu\u2019il \u00e9tait bien possible de ma\u00eetriser la progression de la maladie n\u2019e\u00fbt \u00e9t\u00e9 le retard accus\u00e9 dans la prise des mesures cons\u00e9quentes et la mise en place tardive des activit\u00e9s et des programmes concrets de riposte.<\/p>\n<p>Oui, notre syst\u00e8me de sant\u00e9 aurait affirm\u00e9 sa fragilit\u00e9 incontestable due \u00e0 la non installation des \u00e9quipements de point tels que les respirateurs et les radioscopies d\u2019une part et \u00e0 l\u2019absence inadmissible d\u2019une gestion rigoureuse et efficace au niveau des structures en charge de la sant\u00e9 et des \u00e9tablissements sanitaires.<\/p>\n<p>Par ailleurs, si le syst\u00e8me<strong>\u00a0de sant\u00e9<\/strong>\u00a0est actuellement impuissant devant une progression \u00e0 un rythme relativement lent par rapport \u00e0 la projection des experts r\u00e9gionaux et internationaux en \u00e9pid\u00e9miologie, chacun devrait se demander quel serait le sort de notre pays lorsque le chiffre atteindra un seuil plus \u00e9lev\u00e9.\u00a0<strong>Que Dieu nous prot\u00e8ge !!<\/strong><\/p>\n<p>Cette situation affolante devrait interpeller la conscience de tout citoyen particuli\u00e8rement le pouvoir public par rapport \u00e0 la gestion de la crise en g\u00e9n\u00e9ral et aux dispositions appropri\u00e9es devant \u00eatre mises en place pour corriger les failles et les tares actuelles.<\/p>\n<p>\u00ab<strong>Il va falloir refondre l\u2019actuel plan de riposte et repenser<\/strong><strong> les propositions ad\u00e9quates\u00a0\u00bb<\/strong><\/p>\n<p>Oui, cette situation confirme \u00e0 suffisance la n\u00e9cessit\u00e9 imp\u00e9rieuse de\u00a0<strong>refondre<\/strong>\u00a0le\u00a0<strong>plan initial de riposte<\/strong>\u00a0afin de lui conf\u00e9rer plus de dynamisme, plus de pragmatisme et partant, plus d\u2019efficacit\u00e9.<\/p>\n<p>Elle prouve l\u2019importance li\u00e9e \u00e0\u00a0<strong>l\u2019implication patriotique et \u00e0 la participation citoyenne<\/strong>\u00a0de tous: les partis politiques, le mouvement social, les coordinations et les sages, en vue de\u00a0<strong>repenser<\/strong>\u00a0les propositions concr\u00e8tes et les suggestions pratiques pour freiner la progression de la maladie.<\/p>\n<p>Dans\u00a0<strong>l\u2019imm\u00e9diat<\/strong>, le pouvoir public est appel\u00e9 \u00e0 continuer\u00a0 d\u2019accro\u00eetre les efforts mat\u00e9riel, financier et logistique et \u00e0 entreprendre des actions palpables et tangibles afin de corriger les d\u00e9faillances et les insuffisances relatives \u00e0 la\u00a0<strong>communication<\/strong>, \u00e0 la\u00a0<strong>sensibilisation<\/strong>\u00a0et\u00a0<strong>particuli\u00e8rement \u00e0 la prise en charge<\/strong>\u00a0de nombres\u00a0 croissants des patients du Covid-19.<\/p>\n<p>Certes, aujourd\u2019hui, tout le monde est unanime que\u00a0<strong>l\u2019ANSS<\/strong>\u00a0ne dispose pas \u00e0 elle seule le moyen logistique et mat\u00e9riel requis pour une prise en charge responsable de cette pand\u00e9mie.<\/p>\n<p>\u00c9videmment il va de soi de pr\u00e9ciser que les\u00a0<strong>m\u00e9decins<\/strong>\u00a0de la R\u00e9publique ne rel\u00e8vent point de\u00a0<strong>l\u2019ANSS<\/strong>\u00a0mais du minist\u00e8re en charge de la sant\u00e9.<\/p>\n<p>Aussi, les\u00a0<strong>\u00e9tablissements<\/strong>\u00a0<strong>sanitaires<\/strong>, h\u00f4pitaux et centres de sant\u00e9, ne sont pas soumis aux instructions de l\u2019ANSS mais au d\u00e9partement de tutelle.<\/p>\n<p><strong>Cons\u00e9quemment, il serait donc abusif\u00a0de demander \u00e0 l\u2019ANSS d\u2019assurer une prise en charge ad\u00e9quate et dynamique alors qu\u2019elle n\u2019a aucun pouvoir ni sur les m\u00e9decins ni sur les h\u00f4pitaux.<\/strong><\/p>\n<p><strong>Il serait \u00e9galement injuste de mettre toutes les d\u00e9faillances et les insuffisances actuelles sur le dos de l\u2019ANSS alors le d\u00e9partement tutelle brille par son absence inexplicable!\u00a0\u00a0<\/strong><\/p>\n<p>\u00ab\u00a0<strong>La probl\u00e9matique de la prise en charge devrait \u00eatre r\u00e9gl\u00e9e incessamment\u00a0\u00bb<\/strong>!!<\/p>\n<p>Oui, la prise en charge des patients \u00e9tant le param\u00e8tre le plus critique et le plus complexe, elle conna\u00eet un \u00e9lan catastrophique d\u00fb aux insuffisances relatives \u00e0 la gestion des patients alit\u00e9s au centre. Elle p\u00e8se \u00e9galement un manquement cruel d\u00fb au fait que des dizaines de nouveaux patients du Covid-19 auraient pass\u00e9 des heures devant le centre hospitalier de Donka sans pouvoir y \u00eatre admis.<\/p>\n<p>Aussi, ledit centre serait compl\u00e8tement satur\u00e9 et ne disposerait de ce fait plus d\u2019espace pour accueillir de nouveaux patients.<\/p>\n<p>Toute chose qui aurait amen\u00e9 certains des nouveaux cas confirm\u00e9s \u00e0 rebrousser chemin ou alors \u00e0 se retrouver abandonn\u00e9s devant le centre pendant des heures.<\/p>\n<p>Devant une telle situation in\u00e9dite, le pouvoir public devrait prendre ses responsabilit\u00e9s r\u00e9galiennes, celles de mettre \u00e0 disposition des\u00a0<strong>sites d\u2019h\u00e9bergement ad\u00e9quats et dignes de nom.<\/strong><\/p>\n<p>Vu l\u2019\u00e9tat de\u00a0<strong>d\u00e9gradation<\/strong>\u00a0tr\u00e8s pouss\u00e9e des sites sanitaires disponibles \u00e0 l\u2019int\u00e9rieur du pays, et compte tenu de l\u2019impossibilit\u00e9 de construire des nouveaux sites dans le d\u00e9lai, le pouvoir public devrait\u00a0<strong>s\u2019inspirer des certaines exp\u00e9riences pratiques existantes\u00a0<\/strong>telles que les exp\u00e9riences allemande et fran\u00e7aise.<\/p>\n<p>Les\u00a0<strong>\u00e9tablissements h\u00f4teliers<\/strong>\u00a0dans ces deux pays ont volontairement offert leurs services aux pouvoirs publics pour leur permettre d\u2019accueillir les patients du Covid-19 dans leurs locaux.<\/p>\n<p>L\u2019histoire retiendra la r\u00e9action positive citoyenne du principal franchis\u00e9 du groupe d\u2019Accor, Monsieur\u00a0<strong>Olivier Pelat<\/strong>,\u00a0\u00e0 la demande de Monsieur S\u00e9bastien Bazin, PDG du groupe, je cite :<strong>\u00a0<\/strong><\/p>\n<p><strong>\u00ab S\u00e9bastien Bazin<\/strong>\u00a0<strong>m\u2019a appel\u00e9 mercredi soir pour savoir si j\u2019\u00e9tais d\u2019accord pour rentrer dans le dispositif\u2026 Je n\u2019ai pas h\u00e9sit\u00e9 une seconde et bien \u00e9videmment accept\u00e9. Je ne sais pas combien (des patients du Covid-19) viendront (dans nos \u00e9tablissements h\u00f4teliers). Nos 213 chambres avec t\u00e9l\u00e9vision et Wifi seront pr\u00eates\u2026 C\u2019est mon devoir d\u2019entreprise familiale.\u00bb<\/strong><\/p>\n<p>Ce geste patriotique de Monsieur Olivier devrait inspirer les propri\u00e9taires des h\u00f4tels en Guin\u00e9e afin de contribuer qualitativement \u00e0 la lutte contre le Covid-19 dans notre pays.<\/p>\n<p>\u00ab\u00a0<strong>Penser \u00e0 nos mamans, nos papas, nos fr\u00e8res et s\u0153urs \u00e0 ce moment critique\u00a0\u00bb!!<\/strong><br \/>\nLes difficult\u00e9s auxquelles le pouvoir public est confront\u00e9 par rapport au manque des sites appropri\u00e9s pour accueillir les nouveaux cas, devraient\u00a0<strong>moralement<\/strong>\u00a0r\u00e9veiller les consciences des propri\u00e9taires des \u00e9tablissements h\u00f4teliers en Guin\u00e9e !!<\/p>\n<p>Ces\u00a0<strong>propri\u00e9taires<\/strong>\u00a0devraient\u00a0<strong>humainement<\/strong>\u00a0penser \u00e0 nos mamans, nos papas, nos fr\u00e8res et s\u0153urs qui ne sont autres que les nouveaux et les futurs patients du Covid-19.<\/p>\n<p>Oui, ils ne devraient pas rester indiff\u00e9rents aux difficult\u00e9s de toute une population impuissante.<\/p>\n<p>Par ailleurs, c\u2019est le lieu de pr\u00e9ciser que la plupart de ces \u00e9tablissements h\u00f4teliers existent gr\u00e2ce \u00e0 l\u2019\u00c9tat guin\u00e9en qui leur a accord\u00e9 des facilit\u00e9s pour leur implantation. Toute chose qui devrait leur rappeler la n\u00e9cessit\u00e9 imp\u00e9rieuse li\u00e9e \u00e0 leur collaboration avec l\u2019\u00c9tat guin\u00e9en pour r\u00e9gler cette \u00e9pineuse probl\u00e9matique.<\/p>\n<p>\u00ab\u00a0<strong>Le principe d\u2019utilit\u00e9 publique oblige la r\u00e9quisition des h\u00f4tels\u00a0\u00bb!<\/strong><\/p>\n<p>Vu que le temps passe tr\u00e8s vite et que le besoin ne fait que s\u2019accro\u00eetre au jour le jour, il va falloir que le pouvoir public passe \u00e0 l\u2019application\u00a0<strong>imm\u00e9diate de la notion et du principe de l\u2019utilit\u00e9<\/strong>\u00a0<strong>publique<\/strong>\u00a0approuv\u00e9e par les lois de la R\u00e9publique. Ce principe devrait permettre \u00e0 l\u2019\u00c9tat de r\u00e9quisitionner des \u00e9tablissements h\u00f4teliers mieux indiqu\u00e9s \u00e0 \u00eatre utilis\u00e9s pour h\u00e9berger les patients du Covid-19 qui n\u2019auront pas de place dans les centres hospitaliers actuels.<\/p>\n<p>Ce principe fondamental reconnu par notre constitution dans son\u00a0<strong>code foncier et domanial, article 55 et suivants<\/strong>, permettrait au pouvoir public d\u2019obliger les propri\u00e9taires des h\u00f4tels \u00e0 lui c\u00e9der leurs h\u00f4tels dans un but d\u2019utilit\u00e9 publique et moyennant une juste et pr\u00e9alable indemnit\u00e9.<\/p>\n<p>Oui, la sauvegarde des vies humaines menac\u00e9es par le Covid-19 est au-dessus de toute autre consid\u00e9ration, tout autre int\u00e9r\u00eat et toute autre pr\u00e9tention.<\/p>\n<p>Autrement dit, aucun \u00e9tablissement ne pourrait \u00eatre plus important que la vie d\u2019un seul guin\u00e9en voire les vies de toute la population guin\u00e9enne.<\/p>\n<p>Certes, cette r\u00e9quisition serait consid\u00e9r\u00e9e comme une contribution de qualit\u00e9 attendue de la part de ces \u00e9tablissements h\u00f4teliers dans la lutte contre le Covid-19.<\/p>\n<p><strong>Par les temps qui courent, tout refus de la part des propri\u00e9taires desdits \u00e9tablissements devrait leur valoir des poursuites devant les juridictions comp\u00e9tentes du pays.<\/strong><\/p>\n<p><strong>\u00ab\u00a0La contamination pourrait \u00eatre mieux ma\u00eetris\u00e9e\u00a0\u00bb!!<\/strong><\/p>\n<p>L\u2019h\u00e9bergement des patients du Covid-19 dans les h\u00f4tels\u00a0contribuerait \u00e0 mettre fin \u00e0 la fuite des cas confirm\u00e9s. Il encouragerait \u00e9galement les citoyens de revenir vers l\u2019ANSS pour se soigner en lieu et place de leur domicile. Toute chose qui contribuerait \u00e0 limiter voire \u00e0 contrer la contamination.<br \/>\n<strong><em><br \/>\n<\/em>\u00ab\u00a0Le financement de l\u2019utilisation des sites h\u00f4teliers ne conna\u00eetra aucune souffrance\u00a0\u00bb!!<\/strong><\/p>\n<p><strong>\u00a0<\/strong>Quant aux cons\u00e9quences financi\u00e8res de la r\u00e9quisition de ces h\u00f4tels, le pouvoir\u00a0public pourrait valablement les int\u00e9grer dans son plan de riposte r\u00e9vis\u00e9. Aussi, les contributions citoyennes \u00e0 travers les cha\u00eenes de solidarit\u00e9 devraient \u00eatre utilis\u00e9es pour indemniser les propri\u00e9taires.<\/p>\n<p>S\u00fbrement la population guin\u00e9enne resterait reconnaissante de ce geste si humain et si patriote de la part des \u00e9tablissements h\u00f4teliers qui mettront <strong>volontairement<\/strong>\u00a0leurs installations au compte de l\u2019ANSS pour servir de sites.<\/p>\n<p><strong>En tout \u00e9tat de cause, tous ensemble levons nous pour soutenir les patients du Covid-19 et sauver la Guin\u00e9e !\u00a0<\/strong><\/p>\n<p><strong>Professeur Koutoubou Moustapha SANO<\/strong><\/p>\n<p>&nbsp;<\/p>\n","protected":false},"excerpt":{"rendered":"<p>\u00ab S\u00e9bastien Bazin\u00a0m\u2019a appel\u00e9 mercredi soir pour savoir si j\u2019\u00e9tais d\u2019accord pour rentrer dans le dispositif\u2026 Je n\u2019ai pas h\u00e9sit\u00e9 une seconde et bien \u00e9videmment accept\u00e9. Je ne sais pas combien (de patients du Covid-19) viendront (dans nos \u00e9tablissements h\u00f4teliers). Nos 213 chambres avec t\u00e9l\u00e9vision et Wifi seront pr\u00eates\u2026 C\u2019est mon devoir d\u2019entreprise familiale.\u00bb, dixit [&hellip;]<\/p>\n","protected":false},"author":2,"featured_media":17496,"comment_status":"open","ping_status":"closed","sticky":false,"template":"","format":"standard","meta":{"buzzeditor_post_format":"","footnotes":""},"categories":[1],"tags":[],"class_list":["post-17495","post","type-post","status-publish","format-standard","has-post-thumbnail","hentry","category-non-classe"],"jetpack_featured_media_url":"https:\/\/guineechrono.com\/wp-content\/uploads\/2020\/04\/koutoubou-1.jpg","amp_enabled":true,"_links":{"self":[{"href":"https:\/\/guineechrono.com\/index.php\/wp-json\/wp\/v2\/posts\/17495","targetHints":{"allow":["GET"]}}],"collection":[{"href":"https:\/\/guineechrono.com\/index.php\/wp-json\/wp\/v2\/posts"}],"about":[{"href":"https:\/\/guineechrono.com\/index.php\/wp-json\/wp\/v2\/types\/post"}],"author":[{"embeddable":true,"href":"https:\/\/guineechrono.com\/index.php\/wp-json\/wp\/v2\/users\/2"}],"replies":[{"embeddable":true,"href":"https:\/\/guineechrono.com\/index.php\/wp-json\/wp\/v2\/comments?post=17495"}],"version-history":[{"count":0,"href":"https:\/\/guineechrono.com\/index.php\/wp-json\/wp\/v2\/posts\/17495\/revisions"}],"wp:featuredmedia":[{"embeddable":true,"href":"https:\/\/guineechrono.com\/index.php\/wp-json\/wp\/v2\/media\/17496"}],"wp:attachment":[{"href":"https:\/\/guineechrono.com\/index.php\/wp-json\/wp\/v2\/media?parent=17495"}],"wp:term":[{"taxonomy":"category","embeddable":true,"href":"https:\/\/guineechrono.com\/index.php\/wp-json\/wp\/v2\/categories?post=17495"},{"taxonomy":"post_tag","embeddable":true,"href":"https:\/\/guineechrono.com\/index.php\/wp-json\/wp\/v2\/tags?post=17495"}],"curies":[{"name":"wp","href":"https:\/\/api.w.org\/{rel}","templated":true}]}}