{"id":1821,"date":"2018-10-02T15:41:31","date_gmt":"2018-10-02T14:41:31","guid":{"rendered":"http:\/\/guineechrono.com\/?p=1821"},"modified":"2018-10-02T15:41:31","modified_gmt":"2018-10-02T14:41:31","slug":"02-octobre-2018-la-ville-miniere-de-fria-commemore-lan-60-de-lindependance-nationale","status":"publish","type":"post","link":"https:\/\/guineechrono.com\/index.php\/02-octobre-2018-la-ville-miniere-de-fria-commemore-lan-60-de-lindependance-nationale\/","title":{"rendered":"02 octobre 2018 : la ville mini\u00e8re de Fria comm\u00e9more l\u2019an 60 de l\u2019ind\u00e9pendance nationale"},"content":{"rendered":"<p><strong><em>Apr\u00e8s quelques ann\u00e9es de c\u00e9l\u00e9bration tournante, chaque citoyen guin\u00e9en est appel\u00e9 par le\u00a0 gouvernement \u00e0 comm\u00e9morer la f\u00eate de l\u2019ind\u00e9pendance nationale dans sa localit\u00e9.<\/em><\/strong><\/p>\n<p>La pr\u00e9fecture de Fria, \u00e0 l\u2019instar des autres parties du pays, s\u2019est inscrite dans ce cadre. La ville mini\u00e8re, depuis hier lundi 1<sup>er<\/sup>\u00a0octobre, a fini de faire sa toilette. Les bordures de rues peintes en blanc, la place des martyrs et le stade de l\u2019amiti\u00e9 d\u00e9cor\u00e9s aux couleurs nationales, les lieux publics assainis.<\/p>\n<p>Ce mardi 02 octobre, les festivit\u00e9s ont d\u00e9marr\u00e9 comme annonc\u00e9 \u00e0 08 heures par la traditionnelle mont\u00e9e des couleurs dans l\u2019enceinte de la pr\u00e9fecture, suivie de la pose symbolique de la gerbe de fleurs et un d\u00e9fil\u00e9 g\u00e9ant des diff\u00e9rentes composantes socioprofessionnelles et culturelles de la pr\u00e9fecture au stade Konko Sylla.<img fetchpriority=\"high\" decoding=\"async\" class=\"wp-image-90402  alignright\" src=\"https:\/\/mosaiqueguinee.com\/wp-content\/uploads\/2018\/10\/Fria.jpg\" alt=\"\" width=\"622\" height=\"373\" \/><\/p>\n<p>\u00c0 11h30, ce f\u00fbt au tour de Hadja Gnalen Cond\u00e9,\u00a0 pr\u00e9f\u00e8te de la cit\u00e9 de l\u2019alumine, entour\u00e9e de nombreux cadres pr\u00e9fectoraux, municipaux ainsi que d\u2019agents des forces de d\u00e9fense et de s\u00e9curit\u00e9, de prononcer son discours de circonstance.<\/p>\n<p>Elle a rappel\u00e9 le glorieux combat et les sacrifices consentis par les h\u00e9ros de la libert\u00e9 notamment ceux du premier pr\u00e9sident de la Guin\u00e9e libre, Ahmed S\u00e9kou Tour\u00e9, p\u00e8re de l\u2019ind\u00e9pendance nationale. Elle a aussi insist\u00e9 sur la n\u00e9cessit\u00e9 de la culture de la paix, gage de tout d\u00e9veloppement.<\/p>\n<p>L\u2019autre pan de son speech a \u00e9t\u00e9 ax\u00e9 sur les efforts de la gouvernance actuelle en faveur d\u2019une Guin\u00e9e \u00e9mergente.<\/p>\n<p>Au stade municipal de Fria, on notait \u00e9galement la pr\u00e9sence notable et remarquable du Dr Aboubacar Sidiki Ciss\u00e9, d\u00e9put\u00e9 uninominal de Fria, d\u2019Aboubacar Makissa Camara, directeur national des Imp\u00f4ts et de la direction g\u00e9n\u00e9rale de Rusal, la compagnie russe qui exploite le gisement de bauxite de Friguia.<\/p>\n<p>Dans l\u2019apr\u00e8s-midi, \u00e0 16h00, une conf\u00e9rence-d\u00e9bat sur le th\u00e8me \u00ab\u00a0la Guin\u00e9e une nation, une histoire, une m\u00eame vision\u00a0\u00bb est pr\u00e9vue \u00e0 la commune urbaine. Elle est organis\u00e9e par la plateforme des organisations de la soci\u00e9t\u00e9 civile locale.<\/p>\n<p>La cerise sur le g\u00e2teau, un concert gratuit est offert \u00e0 l\u2019ensemble de la ville par les ressortissants de Fria vivant \u00e0 Conakry.<\/p>\n<p>Un \u00e9v\u00e8nement culturel et artistique qui mobilisera quelques grands noms de la musique populaire et urbaine guin\u00e9enne.<\/p>\n<p><strong>Mosaiqueguinee<\/strong><\/p>\n","protected":false},"excerpt":{"rendered":"<p>Apr\u00e8s quelques ann\u00e9es de c\u00e9l\u00e9bration tournante, chaque citoyen guin\u00e9en est appel\u00e9 par le\u00a0 gouvernement \u00e0 comm\u00e9morer la f\u00eate de l\u2019ind\u00e9pendance nationale dans sa localit\u00e9. La pr\u00e9fecture de Fria, \u00e0 l\u2019instar des autres parties du pays, s\u2019est inscrite dans ce cadre. La ville mini\u00e8re, depuis hier lundi 1er\u00a0octobre, a fini de faire sa toilette. Les bordures [&hellip;]<\/p>\n","protected":false},"author":2,"featured_media":1822,"comment_status":"open","ping_status":"closed","sticky":false,"template":"","format":"standard","meta":{"buzzeditor_post_format":"","footnotes":""},"categories":[1],"tags":[],"class_list":["post-1821","post","type-post","status-publish","format-standard","has-post-thumbnail","hentry","category-non-classe"],"jetpack_featured_media_url":"https:\/\/guineechrono.com\/wp-content\/uploads\/2018\/10\/Fria-fe\u0302te.jpg","amp_enabled":true,"_links":{"self":[{"href":"https:\/\/guineechrono.com\/index.php\/wp-json\/wp\/v2\/posts\/1821","targetHints":{"allow":["GET"]}}],"collection":[{"href":"https:\/\/guineechrono.com\/index.php\/wp-json\/wp\/v2\/posts"}],"about":[{"href":"https:\/\/guineechrono.com\/index.php\/wp-json\/wp\/v2\/types\/post"}],"author":[{"embeddable":true,"href":"https:\/\/guineechrono.com\/index.php\/wp-json\/wp\/v2\/users\/2"}],"replies":[{"embeddable":true,"href":"https:\/\/guineechrono.com\/index.php\/wp-json\/wp\/v2\/comments?post=1821"}],"version-history":[{"count":0,"href":"https:\/\/guineechrono.com\/index.php\/wp-json\/wp\/v2\/posts\/1821\/revisions"}],"wp:featuredmedia":[{"embeddable":true,"href":"https:\/\/guineechrono.com\/index.php\/wp-json\/wp\/v2\/media\/1822"}],"wp:attachment":[{"href":"https:\/\/guineechrono.com\/index.php\/wp-json\/wp\/v2\/media?parent=1821"}],"wp:term":[{"taxonomy":"category","embeddable":true,"href":"https:\/\/guineechrono.com\/index.php\/wp-json\/wp\/v2\/categories?post=1821"},{"taxonomy":"post_tag","embeddable":true,"href":"https:\/\/guineechrono.com\/index.php\/wp-json\/wp\/v2\/tags?post=1821"}],"curies":[{"name":"wp","href":"https:\/\/api.w.org\/{rel}","templated":true}]}}