{"id":18282,"date":"2020-05-24T08:37:00","date_gmt":"2020-05-24T07:37:00","guid":{"rendered":"http:\/\/guineechrono.com\/?p=18282"},"modified":"2020-05-24T08:37:00","modified_gmt":"2020-05-24T07:37:00","slug":"conakry-mory-kante-regagnera-sa-derniere-demeure-le-mardi-prochain","status":"publish","type":"post","link":"https:\/\/guineechrono.com\/index.php\/conakry-mory-kante-regagnera-sa-derniere-demeure-le-mardi-prochain\/","title":{"rendered":"Conakry:  Mory Kant\u00e9 regagnera sa derni\u00e8re demeure le mardi prochain"},"content":{"rendered":"<p><strong>D\u00e9c\u00e9d\u00e9 le vendredi 22 \u00e0 Conakry, le griot et l\u2019artiste musicien Mory Kant\u00e9 rejoindra le mardi, 26 mai sa derni\u00e8re demeure au cimeti\u00e8re de Cameroun.<\/strong><\/p>\n<p>L\u2019annonce a \u00e9t\u00e9 donn\u00e9e par Fodeba Isto Keira, Secr\u00e9taire g\u00e9n\u00e9ral du minist\u00e8re des Sports, de la Culture et du patrimoine historique. \u00ab Gr\u00e2ce \u00e0 l\u2019implication personnelle du pr\u00e9sident de la R\u00e9publique, le professeur Alpha Cond\u00e9, un accord a \u00e9t\u00e9 trouv\u00e9 avec la famille de notre illustre ambassadeur Mory Kant\u00e9. Mon ministre Bantama Sow vient de nous annoncer la date du 26 mai \u00bb, informe-t-il.<\/p>\n<p>Il a aussi pr\u00e9cis\u00e9 que la lev\u00e9e du corps du d\u00e9funt aura lieu \u00e0 10 heures \u00e0 l\u2019h\u00f4pital Sino-guineen.<\/p>\n<p>Il a en fin soulign\u00e9 que le gouvernement guin\u00e9en s\u2019est \u00e9galement engag\u00e9 \u00e0 organiser un grand hommage \u00e0 la dimension de l\u2019artiste plan\u00e9taire. Plusieurs vedettes internationales seront donc invit\u00e9es \u00e0 Conakry apr\u00e8s la pand\u00e9mie de Covid-19.<\/p>\n<p><strong>Barry <\/strong><\/p>\n","protected":false},"excerpt":{"rendered":"<p>D\u00e9c\u00e9d\u00e9 le vendredi 22 \u00e0 Conakry, le griot et l\u2019artiste musicien Mory Kant\u00e9 rejoindra le mardi, 26 mai sa derni\u00e8re demeure au cimeti\u00e8re de Cameroun. L\u2019annonce a \u00e9t\u00e9 donn\u00e9e par Fodeba Isto Keira, Secr\u00e9taire g\u00e9n\u00e9ral du minist\u00e8re des Sports, de la Culture et du patrimoine historique. \u00ab Gr\u00e2ce \u00e0 l\u2019implication personnelle du pr\u00e9sident de la [&hellip;]<\/p>\n","protected":false},"author":2,"featured_media":18283,"comment_status":"open","ping_status":"closed","sticky":false,"template":"","format":"standard","meta":{"buzzeditor_post_format":"","footnotes":""},"categories":[47],"tags":[],"class_list":["post-18282","post","type-post","status-publish","format-standard","has-post-thumbnail","hentry","category-culture"],"jetpack_featured_media_url":"https:\/\/guineechrono.com\/wp-content\/uploads\/2020\/05\/kantee.jpg","amp_enabled":true,"_links":{"self":[{"href":"https:\/\/guineechrono.com\/index.php\/wp-json\/wp\/v2\/posts\/18282","targetHints":{"allow":["GET"]}}],"collection":[{"href":"https:\/\/guineechrono.com\/index.php\/wp-json\/wp\/v2\/posts"}],"about":[{"href":"https:\/\/guineechrono.com\/index.php\/wp-json\/wp\/v2\/types\/post"}],"author":[{"embeddable":true,"href":"https:\/\/guineechrono.com\/index.php\/wp-json\/wp\/v2\/users\/2"}],"replies":[{"embeddable":true,"href":"https:\/\/guineechrono.com\/index.php\/wp-json\/wp\/v2\/comments?post=18282"}],"version-history":[{"count":0,"href":"https:\/\/guineechrono.com\/index.php\/wp-json\/wp\/v2\/posts\/18282\/revisions"}],"wp:featuredmedia":[{"embeddable":true,"href":"https:\/\/guineechrono.com\/index.php\/wp-json\/wp\/v2\/media\/18283"}],"wp:attachment":[{"href":"https:\/\/guineechrono.com\/index.php\/wp-json\/wp\/v2\/media?parent=18282"}],"wp:term":[{"taxonomy":"category","embeddable":true,"href":"https:\/\/guineechrono.com\/index.php\/wp-json\/wp\/v2\/categories?post=18282"},{"taxonomy":"post_tag","embeddable":true,"href":"https:\/\/guineechrono.com\/index.php\/wp-json\/wp\/v2\/tags?post=18282"}],"curies":[{"name":"wp","href":"https:\/\/api.w.org\/{rel}","templated":true}]}}