{"id":1832,"date":"2018-10-02T16:04:48","date_gmt":"2018-10-02T15:04:48","guid":{"rendered":"http:\/\/guineechrono.com\/?p=1832"},"modified":"2018-10-02T16:04:48","modified_gmt":"2018-10-02T15:04:48","slug":"celebration-de-la-fete-nationale-reactions-a-chaud-de-sidya-hadja-rabi-et-daboubacar-sylla","status":"publish","type":"post","link":"https:\/\/guineechrono.com\/index.php\/celebration-de-la-fete-nationale-reactions-a-chaud-de-sidya-hadja-rabi-et-daboubacar-sylla\/","title":{"rendered":"C\u00e9l\u00e9bration de la f\u00eate nationale: r\u00e9actions \u00e0 chaud de Sidya, hadja Rabi et d\u2019Aboubacar Sylla"},"content":{"rendered":"<p>Ce 2 octobre 2018, les Guin\u00e9ens c\u00e9l\u00e8brent dans la convivialit\u00e9 le 60<sup>\u00e8me<\/sup>\u00a0anniversaire de l\u2019ind\u00e9pendance de leur pays. C\u2019est le stade du 28 septembre qui sert de cadre aux festivit\u00e9s de cette ann\u00e9e o\u00f9 est pr\u00e9vu un gigantesque d\u00e9fil\u00e9 de toutes les composantes de la nation, y compris la tr\u00e8s attendue parade militaire. D\u00e9j\u00e0 le pr\u00e9sident Alpha Cond\u00e9 et ses h\u00f4tes \u00e9trangers commencent \u00e0 rallier le stade.<\/p>\n<p>En attendant leur apparition \u00e0 la tribune officielle, Guin\u00e9enews a recueilli les r\u00e9actions de quelques personnalit\u00e9s guin\u00e9ennes dont Sidya Tour\u00e9, le leader de l\u2019UFR, hadja Rabiatou S\u00e9rah Diallo, pr\u00e9sidente de CES, et Aboubacar Sylla, pr\u00e9sident de l\u2019UFC et ministre des Transports. Lisez\u00a0:<\/p>\n<p><strong>Sidya Tour\u00e9, pr\u00e9sident de l\u2019UFR et Haut Repr\u00e9sentant du Chef de l\u2019Etat<\/strong><\/p>\n<p>\u00ab\u00a0L\u2019ind\u00e9pendance de la Guin\u00e9e est une F\u00eate nationale. Elle est tr\u00e8s anim\u00e9e et belle. Je crois qu\u2019en ce jour de l\u2019ind\u00e9pendance, tous les Guin\u00e9ens sont venus f\u00eater, c\u00e9l\u00e9brer le jour de notre l\u2019ind\u00e9pendance. Partout ailleurs, l\u2019ind\u00e9pendance est un jour de fiert\u00e9\u00a0\u00bb.<\/p>\n<p><strong>Hadja Rabiatou, pr\u00e9sidente du CES<\/strong>\u00a0: \u00ab\u00a0nous avons un sentiment de satisfaction pour moi surtout que c\u2019est un syndicaliste en la personne de S\u00e9kou Tour\u00e9 qui a conduit la Guin\u00e9e \u00e0 l\u2019ind\u00e9pendance. Je suis fi\u00e8re et heureuse de c\u00e9l\u00e9brer cette f\u00eate surtout qu\u2019on a rendu hommage aux b\u00e2tisseurs de la nation. C\u2019est une premi\u00e8re. Tout cela rapproche le peuple de Guin\u00e9e. Cela veut dire que nous devons suivre les pas de S\u00e9kou Tour\u00e9 pour le brassage et pour la paix.\u00a0\u00bb<\/p>\n<p><strong>\u00a0Aboubacar Sylla, ministre d\u2019Etat, ministre des Transports et pr\u00e9sident de l\u2019UFC\u00a0<\/strong><\/p>\n<p>\u00ab\u00a0C\u2019est un jour historique puisque c\u2019est ce jour que les Guin\u00e9ens ont acc\u00e9d\u00e9\u00a0 \u00e0 l\u2019ind\u00e9pendance. C\u2019est le jour qui constitue le fondement de notre nation. Les Guin\u00e9ens sont plus unis que divis\u00e9s. Le fondement de notre unit\u00e9, c\u2019est cette accession \u00e0 l\u2019ind\u00e9pendance formalis\u00e9e le 2 octobre 1958. C\u2019est tout a fait normal que le stade soit plein\u00a0\u00bb<\/p>\n<p>guineenews<\/p>\n","protected":false},"excerpt":{"rendered":"<p>Ce 2 octobre 2018, les Guin\u00e9ens c\u00e9l\u00e8brent dans la convivialit\u00e9 le 60\u00e8me\u00a0anniversaire de l\u2019ind\u00e9pendance de leur pays. C\u2019est le stade du 28 septembre qui sert de cadre aux festivit\u00e9s de cette ann\u00e9e o\u00f9 est pr\u00e9vu un gigantesque d\u00e9fil\u00e9 de toutes les composantes de la nation, y compris la tr\u00e8s attendue parade militaire. D\u00e9j\u00e0 le pr\u00e9sident [&hellip;]<\/p>\n","protected":false},"author":2,"featured_media":1833,"comment_status":"open","ping_status":"closed","sticky":false,"template":"","format":"standard","meta":{"buzzeditor_post_format":"","footnotes":""},"categories":[1],"tags":[],"class_list":["post-1832","post","type-post","status-publish","format-standard","has-post-thumbnail","hentry","category-non-classe"],"jetpack_featured_media_url":"https:\/\/guineechrono.com\/wp-content\/uploads\/2018\/10\/Stade-fete.jpg","amp_enabled":true,"_links":{"self":[{"href":"https:\/\/guineechrono.com\/index.php\/wp-json\/wp\/v2\/posts\/1832","targetHints":{"allow":["GET"]}}],"collection":[{"href":"https:\/\/guineechrono.com\/index.php\/wp-json\/wp\/v2\/posts"}],"about":[{"href":"https:\/\/guineechrono.com\/index.php\/wp-json\/wp\/v2\/types\/post"}],"author":[{"embeddable":true,"href":"https:\/\/guineechrono.com\/index.php\/wp-json\/wp\/v2\/users\/2"}],"replies":[{"embeddable":true,"href":"https:\/\/guineechrono.com\/index.php\/wp-json\/wp\/v2\/comments?post=1832"}],"version-history":[{"count":0,"href":"https:\/\/guineechrono.com\/index.php\/wp-json\/wp\/v2\/posts\/1832\/revisions"}],"wp:featuredmedia":[{"embeddable":true,"href":"https:\/\/guineechrono.com\/index.php\/wp-json\/wp\/v2\/media\/1833"}],"wp:attachment":[{"href":"https:\/\/guineechrono.com\/index.php\/wp-json\/wp\/v2\/media?parent=1832"}],"wp:term":[{"taxonomy":"category","embeddable":true,"href":"https:\/\/guineechrono.com\/index.php\/wp-json\/wp\/v2\/categories?post=1832"},{"taxonomy":"post_tag","embeddable":true,"href":"https:\/\/guineechrono.com\/index.php\/wp-json\/wp\/v2\/tags?post=1832"}],"curies":[{"name":"wp","href":"https:\/\/api.w.org\/{rel}","templated":true}]}}