{"id":1844,"date":"2018-10-03T15:38:20","date_gmt":"2018-10-03T14:38:20","guid":{"rendered":"http:\/\/guineechrono.com\/?p=1844"},"modified":"2020-05-19T16:39:54","modified_gmt":"2020-05-19T15:39:54","slug":"an-60-de-lindependance-de-la-guinee-marck-yombouno-rend-hommage-au-pere-fondateur-feu-ahmed-sekou-toure","status":"publish","type":"post","link":"https:\/\/guineechrono.com\/index.php\/an-60-de-lindependance-de-la-guinee-marck-yombouno-rend-hommage-au-pere-fondateur-feu-ahmed-sekou-toure\/","title":{"rendered":"An 60 de l\u2019ind\u00e9pendance de la Guin\u00e9e : Marck Yombouno rend hommage au p\u00e8re fondateur feu  Ahmed S\u00e9kou tour\u00e9"},"content":{"rendered":"<p><b><span style=\"color: #000000;font-family: Calibri\">Venu pour assister au d\u00e9p\u00f4t des gerbes de fleurs \u00e0 la place des martyrs par le pr\u00e9sident de la r\u00e9publique, Professeur Alpha Cond\u00e9, l\u2019ancien ministre du commerce a rendu un vibrant hommage au p\u00e8re fondateur de l\u2019ind\u00e9pendance. C\u2019\u00e9tait \u00e0 l\u2019 occasion du 60 \u00e8me anniversaire de l\u2019accession \u00e0 l\u2019ind\u00e9pendance de la r\u00e9publique de Guin\u00e9e c\u00e9l\u00e9br\u00e9e ce mardi, 02 octobre 2018.<\/span><\/b><\/p>\n<p><span style=\"color: #000000;font-family: Calibri\">Tout d\u2019abord, l\u2019ancien ministre du commerce a remerci\u00e9 le pr\u00e9sident de la r\u00e9publique, Professeur Alpha Cond\u00e9\u00a0\u00a0qui, \u00e0 travers les faits\u00a0et les actes a amen\u00e9 les guin\u00e9ens \u00e0 c\u00e9l\u00e9brer cette journ\u00e9e historique. Selon lui,\u00a0\u00a060ans\u00a0\u00a0\u00a0n\u2019est pas 60\u00a0\u00a0jours\u00a0\u00a0ni 60 mois, mais plut\u00f4t,\u00a0\u00a060\u00a0ann\u00e9es\u00a0\u00a0de libert\u00e9 d\u2019ind\u00e9pendance. \u00ab\u00a0Donc, a cet effet,\u00a0\u00a0il faut reconnaitre aussi l\u2019audace\u00a0\u00a0du\u00a0\u00a0p\u00e8re fondateur, ceux qui ont d\u00e9cid\u00e9 et \u0153uvr\u00e9 pour dire NON, le 28 septembre et proclamer le 2 octobre 1958\u00a0\u00a0\u00a0l\u2019ind\u00e9pendance de la Guin\u00e9e. Je veux citer\u00a0\u00a0l\u00e0,\u00a0\u00a0Feu Ahmed S\u00e9kou Tour\u00e9 et l\u2019ensemble des compagnons de l\u2019ind\u00e9pendance qui \u00e0 la fleur de l\u2019\u00e2ge se sont lanc\u00e9s, ont pris le courage d\u2019amener l\u2019ensemble de la population guin\u00e9enne \u00e0 dire NON et a acc\u00e9d\u00e9 \u00e0 l\u2019ind\u00e9pendance\u00a0\u00a0dans des moments difficiles\u00a0\u00bb rappelle Marck Yombouno.<\/span><\/p>\n<p><span style=\"color: #000000;font-family: Calibri\">Poursuivant son intervention, l\u2019ancien locateur du minist\u00e8re du commerce a d\u00e9clar\u00e9 qu\u2019aujourd\u2019hui c\u2019est une journ\u00e9e historique. \u00ab\u00a0C\u2019est la comm\u00e9moration de l\u2019unit\u00e9 nationale\u00a0\u00bb dit-il.\u00a0\u00a0Il a aussi soulign\u00e9 que la diversit\u00e9 ethnique est devenue aujourd\u2019hui,\u00a0\u00a0une opportunit\u00e9 \u00e0 tous les guin\u00e9ens de se donner la main. \u00ab\u00a0Tout le monde est en joie, tout le monde se\u00a0\u00a0manifeste, tout le monde est content. Donc, c\u2019est qu\u2019on cherche pour d\u00e9velopper ce pays\u00a0\u00bb ajoute-t-il.<\/span><\/p>\n<p><span style=\"color: #000000;font-family: Calibri\">Pour lui, c\u2019est l\u2019unit\u00e9 nationale\u00a0\u00a0qui a conduit ce pays \u00e0 l\u2019ind\u00e9pendant. \u00ab\u00a0Aujourd\u2019hui, en f\u00eatant les 60\u00a0\u00a0ans\u00a0\u00a0de notre ind\u00e9pendance, on se rappelle le discours d\u2019hier du chef de l\u2019Etat qui nous appelle \u00e0 pardonner\u00a0\u00a0\u00e0 s\u2019unir pour\u00a0\u00a0d\u00e9velopper\u00a0\u00a0notre pays\u00a0\u00bb a-t-il rappel\u00e9.<\/span><\/p>\n<p><span style=\"color: #000000;font-family: Calibri\">Pour finir, il a magnifi\u00e9 sa reconnaissance en vers les p\u00e8res fondateurs qui se sont sacrifi\u00e9s pour donner la libert\u00e9 au peuple de\u00a0Guin\u00e9e.<\/span><\/p>\n<p><b><span style=\"color: #000000;font-family: Calibri\">Aboubacar Pastoria Camara\u00a0<\/span><\/b><\/p>\n","protected":false},"excerpt":{"rendered":"<p>Venu pour assister au d\u00e9p\u00f4t des gerbes de fleurs \u00e0 la place des martyrs par le pr\u00e9sident de la r\u00e9publique, Professeur Alpha Cond\u00e9, l\u2019ancien ministre du commerce a rendu un vibrant hommage au p\u00e8re fondateur de l\u2019ind\u00e9pendance. C\u2019\u00e9tait \u00e0 l\u2019 occasion du 60 \u00e8me anniversaire de l\u2019accession \u00e0 l\u2019ind\u00e9pendance de la r\u00e9publique de Guin\u00e9e c\u00e9l\u00e9br\u00e9e [&hellip;]<\/p>\n","protected":false},"author":2,"featured_media":1845,"comment_status":"open","ping_status":"closed","sticky":false,"template":"","format":"standard","meta":{"buzzeditor_post_format":"","footnotes":""},"categories":[1,46],"tags":[],"class_list":["post-1844","post","type-post","status-publish","format-standard","has-post-thumbnail","hentry","category-non-classe","category-societe"],"jetpack_featured_media_url":"https:\/\/guineechrono.com\/wp-content\/uploads\/2018\/10\/Mark.png","amp_enabled":true,"_links":{"self":[{"href":"https:\/\/guineechrono.com\/index.php\/wp-json\/wp\/v2\/posts\/1844","targetHints":{"allow":["GET"]}}],"collection":[{"href":"https:\/\/guineechrono.com\/index.php\/wp-json\/wp\/v2\/posts"}],"about":[{"href":"https:\/\/guineechrono.com\/index.php\/wp-json\/wp\/v2\/types\/post"}],"author":[{"embeddable":true,"href":"https:\/\/guineechrono.com\/index.php\/wp-json\/wp\/v2\/users\/2"}],"replies":[{"embeddable":true,"href":"https:\/\/guineechrono.com\/index.php\/wp-json\/wp\/v2\/comments?post=1844"}],"version-history":[{"count":0,"href":"https:\/\/guineechrono.com\/index.php\/wp-json\/wp\/v2\/posts\/1844\/revisions"}],"wp:featuredmedia":[{"embeddable":true,"href":"https:\/\/guineechrono.com\/index.php\/wp-json\/wp\/v2\/media\/1845"}],"wp:attachment":[{"href":"https:\/\/guineechrono.com\/index.php\/wp-json\/wp\/v2\/media?parent=1844"}],"wp:term":[{"taxonomy":"category","embeddable":true,"href":"https:\/\/guineechrono.com\/index.php\/wp-json\/wp\/v2\/categories?post=1844"},{"taxonomy":"post_tag","embeddable":true,"href":"https:\/\/guineechrono.com\/index.php\/wp-json\/wp\/v2\/tags?post=1844"}],"curies":[{"name":"wp","href":"https:\/\/api.w.org\/{rel}","templated":true}]}}