{"id":18962,"date":"2020-07-21T16:53:23","date_gmt":"2020-07-21T15:53:23","guid":{"rendered":"https:\/\/guineechrono.com\/?p=18962"},"modified":"2020-07-21T16:53:23","modified_gmt":"2020-07-21T15:53:23","slug":"mort-de-patrice-lumumba-en-rdc-sa-famille-demande-au-roi-des-belges-ses-restes-mortuaires","status":"publish","type":"post","link":"https:\/\/guineechrono.com\/index.php\/mort-de-patrice-lumumba-en-rdc-sa-famille-demande-au-roi-des-belges-ses-restes-mortuaires\/","title":{"rendered":"Mort de Patrice Lumumba en RDC: sa famille demande au roi des Belges ses restes mortuaires"},"content":{"rendered":"<p><strong>La fille du h\u00e9ros national congolais Patrice Lumumba a envoy\u00e9 une lettre au roi des Belges, le 30 juin 2020, et elle le fait savoir en ce jour de f\u00eate nationale en Belgique. Elle demande que lui soit restitu\u00e9s les quelques restes mortuaires de son p\u00e8re dont le corps n&rsquo;a jamais \u00e9t\u00e9 retrouv\u00e9.<\/strong><\/p>\n<p>Patrice Lumumba a \u00e9t\u00e9 le premier Premier ministre du pays en 1960, avant d\u2019\u00eatre assassin\u00e9, quelques mois plus tard, en janvier 1961, sans que son corps n&rsquo;ait jamais \u00e9t\u00e9 retrouv\u00e9. Seul indice\u00a0: un document film\u00e9 dans lequel celui qui aurait fait disparaitre le corps, le Belge Gerard Soete, montre des dents cens\u00e9es \u00eatre celles de Patrice Lumumba.<\/p>\n<p>Ce mardi 21 juillet 2020, jour de la f\u00eate nationale en Belgique, l\u2019ancienne puissance coloniale, Juliana, la fille de Patrice Lumumba fait\u00a0savoir qu&rsquo;elle a demand\u00e9, par une lettre au roi des Belges que ces restes lui soient restitues.<\/p>\n<p>\u00ab\u00a0<em>Dans cette lettre, je demande \u00e0 ce que les restes mortuaires qui sont en Belgique nous soient restitu\u00e9s, pour que l\u2019on puisse, enfin, enterrer notre p\u00e8re dignement. Ses restes sont s\u00e9questr\u00e9s au Palais de justice en Belgique. C\u2019est avec certitude que l\u2019on sait que c\u2019est sous-scell\u00e9 au Palais de justice, parce qu\u2019il y avait le fameux individu, qui \u00e9tait sorti \u00e0 la t\u00e9l\u00e9vision, en disant qu\u2019il avait gard\u00e9 deux dents de Lumumba. C\u2019est qu\u2019il l\u2019avait tortur\u00e9. On a trouv\u00e9 \u00e7a et \u00e7a \u00e9t\u00e9 pris et mis sous scell\u00e9. C\u2019est pour cela que, quand on l\u2019a su, je crois que c\u2019est la fin d\u2019un processus, d\u2019une esp\u00e9rance. Parce qu\u2019il y a eu diff\u00e9rentes d\u00e9marches, mais qui n\u2019ont pas abouti \u00e0 grand-chose. Pour ma famille, donc mes fr\u00e8res et moi, c\u2019est la fin de notre devoir d\u2019enfants d\u2019enterrer notre p\u00e8re. Mon p\u00e8re et ses compagnons sont morts pour ce pays. Ils ont vers\u00e9 leur sang dans ce pays. Ses restes doivent rentrer chez lui<\/em>\u00a0\u00bb, explique longuement Juliana.<\/p>\n<p><strong>rfi<\/strong><\/p>\n<p>&nbsp;<\/p>\n<p>&nbsp;<\/p>\n","protected":false},"excerpt":{"rendered":"<p>La fille du h\u00e9ros national congolais Patrice Lumumba a envoy\u00e9 une lettre au roi des Belges, le 30 juin 2020, et elle le fait savoir en ce jour de f\u00eate nationale en Belgique. Elle demande que lui soit restitu\u00e9s les quelques restes mortuaires de son p\u00e8re dont le corps n&rsquo;a jamais \u00e9t\u00e9 retrouv\u00e9. Patrice Lumumba [&hellip;]<\/p>\n","protected":false},"author":2,"featured_media":18963,"comment_status":"open","ping_status":"closed","sticky":false,"template":"","format":"standard","meta":{"buzzeditor_post_format":"","footnotes":""},"categories":[42,43],"tags":[],"class_list":["post-18962","post","type-post","status-publish","format-standard","has-post-thumbnail","hentry","category-news","category-politique"],"jetpack_featured_media_url":"https:\/\/guineechrono.com\/wp-content\/uploads\/2020\/07\/339D4998-F419-4938-A65B-67D80F42B479.jpeg","amp_enabled":true,"_links":{"self":[{"href":"https:\/\/guineechrono.com\/index.php\/wp-json\/wp\/v2\/posts\/18962","targetHints":{"allow":["GET"]}}],"collection":[{"href":"https:\/\/guineechrono.com\/index.php\/wp-json\/wp\/v2\/posts"}],"about":[{"href":"https:\/\/guineechrono.com\/index.php\/wp-json\/wp\/v2\/types\/post"}],"author":[{"embeddable":true,"href":"https:\/\/guineechrono.com\/index.php\/wp-json\/wp\/v2\/users\/2"}],"replies":[{"embeddable":true,"href":"https:\/\/guineechrono.com\/index.php\/wp-json\/wp\/v2\/comments?post=18962"}],"version-history":[{"count":0,"href":"https:\/\/guineechrono.com\/index.php\/wp-json\/wp\/v2\/posts\/18962\/revisions"}],"wp:featuredmedia":[{"embeddable":true,"href":"https:\/\/guineechrono.com\/index.php\/wp-json\/wp\/v2\/media\/18963"}],"wp:attachment":[{"href":"https:\/\/guineechrono.com\/index.php\/wp-json\/wp\/v2\/media?parent=18962"}],"wp:term":[{"taxonomy":"category","embeddable":true,"href":"https:\/\/guineechrono.com\/index.php\/wp-json\/wp\/v2\/categories?post=18962"},{"taxonomy":"post_tag","embeddable":true,"href":"https:\/\/guineechrono.com\/index.php\/wp-json\/wp\/v2\/tags?post=18962"}],"curies":[{"name":"wp","href":"https:\/\/api.w.org\/{rel}","templated":true}]}}