{"id":19139,"date":"2020-08-02T09:33:34","date_gmt":"2020-08-02T08:33:34","guid":{"rendered":"https:\/\/guineechrono.com\/?p=19139"},"modified":"2020-08-02T09:33:34","modified_gmt":"2020-08-02T08:33:34","slug":"football-didier-drogba-candidat-a-la-presidence-de-la-fif","status":"publish","type":"post","link":"https:\/\/guineechrono.com\/index.php\/football-didier-drogba-candidat-a-la-presidence-de-la-fif\/","title":{"rendered":"Football : Didier Drogba candidat \u00e0 la pr\u00e9sidence de la FIF"},"content":{"rendered":"<p>Didier Drogba a officiellement d\u00e9pos\u00e9 samedi sa candidature \u00e0 la pr\u00e9sidence de la f\u00e9d\u00e9ration ivoirienne de football (FIF).<\/p>\n<p>Il s&rsquo;est rendu accompagn\u00e9 d&rsquo;une foule de supporteurs au si\u00e8ge de la FIF \u00e0 Treichville (Abidjan-Sud).<\/p>\n<p>Il a promis de contribuer \u00e0 la renaissance du football ivoirien qui selon l&rsquo;ex-attaquant vedette de l&rsquo;Olympique de Marseille et de Chelsea \u00ab\u00a0va mal\u00a0\u00bb.<\/p>\n<p>Apr\u00e8s le d\u00e9p\u00f4t des dossiers, la commission \u00e9lectorale dispose de cinq jours pour analyser et valider les diff\u00e9rents dossiers de candidature.<\/p>\n<p>Outre Drogba, Idriss Diallo, ancien 3e vice-pr\u00e9sident de la FIF, soutenu par l&rsquo;Association des footballeurs, et l&rsquo;actuel vice-pr\u00e9sident de la F\u00e9d\u00e9ration et pr\u00e9sident de la Ligue Sory Diabat\u00e9 ont d\u00e9j\u00e0 d\u00e9pos\u00e9 leur candidature.<\/p>\n<p>De nombreux ivoiriens ont partag\u00e9 sur les r\u00e9seaux sociaux des messages de soutien au ballon d&rsquo;or lorsque celui-ci a quitt\u00e9 sa base pour la maison de verre (si\u00e8ge de la FIF).<\/p>\n<p>L&rsquo;ancien capitaine des El\u00e9phants ivoiriens avait subi un coup dur mi-juillet, lorsque l&rsquo;Association des footballeurs ivoiriens (AFI) avait refus\u00e9 de le parrainer.<\/p>\n<p>La semaine derni\u00e8re, la F\u00e9d\u00e9ration internationale des associations de footballeurs professionnels (Fifpro) a suspendu pour \u00ab\u00a0non-respect des textes\u00a0\u00bb l&rsquo;AFI apr\u00e8s son refus de soutenir la candidature de Didier Drogba pour la t\u00eate de la FIF.<\/p>\n<p>Didier Drogba a r\u00e9ussi \u00e0 obtenir huit parrainages et le soutien d&rsquo;un des cinq groupements d&rsquo;int\u00e9r\u00eat n\u00e9cessaires pour postuler \u00e0 l&rsquo;\u00e9lection.<\/p>\n<p>\u00ab\u00a0Ce n&rsquo;est pas tant \u00eatre pr\u00e9sident de la FIF qui m&rsquo;int\u00e9resse, mais c&rsquo;est la mission qui lie cette fonction\u00a0\u00bb, a affirm\u00e9 l&rsquo;athl\u00e8te de 41 ans.<\/p>\n<p>\u00ab\u00a0Notre football va mal (&#8230;) nous nous engageons \u00e0 contribuer \u00e0 la renaissance du football ivoirien\u00a0\u00bb, a poursuivi le joueur, qui raccrocher les crampons depuis fin 2018.<\/p>\n<p>\u00ab\u00a0Je suis de retour et d\u00e9termin\u00e9 \u00e0 apporter ma pierre \u00e0 l&rsquo;\u00e9difice, au renouveau et au d\u00e9veloppement du football ivoirien\u00a0\u00bb a-t-il ajout\u00e9.<\/p>\n<p>Il estime par ailleurs qu&rsquo;il est tr\u00e8s important pour lui de rendre au football ivoirien, tout ce qu&rsquo;il lui a donn\u00e9.<\/p>\n<p><strong>Bbcafrique.com <\/strong><\/p>\n","protected":false},"excerpt":{"rendered":"<p>Didier Drogba a officiellement d\u00e9pos\u00e9 samedi sa candidature \u00e0 la pr\u00e9sidence de la f\u00e9d\u00e9ration ivoirienne de football (FIF). Il s&rsquo;est rendu accompagn\u00e9 d&rsquo;une foule de supporteurs au si\u00e8ge de la FIF \u00e0 Treichville (Abidjan-Sud). Il a promis de contribuer \u00e0 la renaissance du football ivoirien qui selon l&rsquo;ex-attaquant vedette de l&rsquo;Olympique de Marseille et de [&hellip;]<\/p>\n","protected":false},"author":2,"featured_media":19140,"comment_status":"open","ping_status":"closed","sticky":false,"template":"","format":"standard","meta":{"buzzeditor_post_format":"","footnotes":""},"categories":[45],"tags":[],"class_list":["post-19139","post","type-post","status-publish","format-standard","has-post-thumbnail","hentry","category-sport"],"jetpack_featured_media_url":"https:\/\/guineechrono.com\/wp-content\/uploads\/2020\/08\/drogba.jpg","amp_enabled":true,"_links":{"self":[{"href":"https:\/\/guineechrono.com\/index.php\/wp-json\/wp\/v2\/posts\/19139","targetHints":{"allow":["GET"]}}],"collection":[{"href":"https:\/\/guineechrono.com\/index.php\/wp-json\/wp\/v2\/posts"}],"about":[{"href":"https:\/\/guineechrono.com\/index.php\/wp-json\/wp\/v2\/types\/post"}],"author":[{"embeddable":true,"href":"https:\/\/guineechrono.com\/index.php\/wp-json\/wp\/v2\/users\/2"}],"replies":[{"embeddable":true,"href":"https:\/\/guineechrono.com\/index.php\/wp-json\/wp\/v2\/comments?post=19139"}],"version-history":[{"count":0,"href":"https:\/\/guineechrono.com\/index.php\/wp-json\/wp\/v2\/posts\/19139\/revisions"}],"wp:featuredmedia":[{"embeddable":true,"href":"https:\/\/guineechrono.com\/index.php\/wp-json\/wp\/v2\/media\/19140"}],"wp:attachment":[{"href":"https:\/\/guineechrono.com\/index.php\/wp-json\/wp\/v2\/media?parent=19139"}],"wp:term":[{"taxonomy":"category","embeddable":true,"href":"https:\/\/guineechrono.com\/index.php\/wp-json\/wp\/v2\/categories?post=19139"},{"taxonomy":"post_tag","embeddable":true,"href":"https:\/\/guineechrono.com\/index.php\/wp-json\/wp\/v2\/tags?post=19139"}],"curies":[{"name":"wp","href":"https:\/\/api.w.org\/{rel}","templated":true}]}}