{"id":19183,"date":"2020-08-04T11:10:12","date_gmt":"2020-08-04T10:10:12","guid":{"rendered":"https:\/\/guineechrono.com\/?p=19183"},"modified":"2020-08-04T11:10:12","modified_gmt":"2020-08-04T10:10:12","slug":"conakry-la-manifestation-du-fndc-en-cours-reportee-communique","status":"publish","type":"post","link":"https:\/\/guineechrono.com\/index.php\/conakry-la-manifestation-du-fndc-en-cours-reportee-communique\/","title":{"rendered":"Conakry : la manifestation du  FNDC en cours  report\u00e9e (communiqu\u00e9)"},"content":{"rendered":"<p><strong>Dans un communiqu\u00e9 rendu public ce mardi matin, 4 ao\u00fbt 2020, le front national pour la d\u00e9fense de la constitution (FNDC) a report\u00e9 sa manifestation du 06 aout prochain.<\/strong><\/p>\n<p><strong>Communiqu\u00e9 \u00a0<\/strong><\/p>\n<p>En raison des examens scolaires, la Coordination Nationale du FNDC acc\u00e8de \u00e0 la demande des citoyens en reportant la manifestation pr\u00e9vue le 06 ao\u00fbt 2020 \u00e0 une date ult\u00e9rieure.<\/p>\n<p>Soucieux du sort des enfants, des \u00e9l\u00e8ves dont l\u2019avenir est hypoth\u00e9qu\u00e9 par la politique destructrice de l\u2019\u00e9ducation nationale du r\u00e9gime d\u2019Alpha Cond\u00e9, le FNDC privil\u00e9gie l\u2019int\u00e9r\u00eat de la future g\u00e9n\u00e9ration.<\/p>\n<p>Pendant ce temps, le RPG et le Gouvernement profitent d\u2019un calendrier scolaire politis\u00e9 pour organiser des conciliabules en vue d\u2019officialiser leur volont\u00e9 de plonger le pays dans une crise profonde aux issues incertaines.<\/p>\n<p>Plus que jamais d\u00e9termin\u00e9 \u00e0 exiger le d\u00e9part d\u2019Alpha Cond\u00e9 afin de lib\u00e9rer notre pays, le FNDC appelle le peuple de Guin\u00e9e \u00e0 rester mobilis\u00e9 contre le 3\u00e8me mandat et le coup d\u2019\u00c9tat constitutionnel.<\/p>\n<p>La date des prochaines manifestations pr\u00e9vues dans tout le pays sera annonc\u00e9e dans un court d\u00e9lai.<\/p>\n<p>Ensemble unis et solidaires, nous vaincrons!<\/p>\n<p><em><strong>Conakry, le 04 ao\u00fbt 2020<\/strong><\/em><\/p>\n<p><strong>La Coordination nationale du FNDC<\/strong><\/p>\n","protected":false},"excerpt":{"rendered":"<p>Dans un communiqu\u00e9 rendu public ce mardi matin, 4 ao\u00fbt 2020, le front national pour la d\u00e9fense de la constitution (FNDC) a report\u00e9 sa manifestation du 06 aout prochain. Communiqu\u00e9 \u00a0 En raison des examens scolaires, la Coordination Nationale du FNDC acc\u00e8de \u00e0 la demande des citoyens en reportant la manifestation pr\u00e9vue le 06 ao\u00fbt [&hellip;]<\/p>\n","protected":false},"author":2,"featured_media":19184,"comment_status":"open","ping_status":"closed","sticky":false,"template":"","format":"standard","meta":{"buzzeditor_post_format":"","footnotes":""},"categories":[42],"tags":[],"class_list":["post-19183","post","type-post","status-publish","format-standard","has-post-thumbnail","hentry","category-news"],"jetpack_featured_media_url":"https:\/\/guineechrono.com\/wp-content\/uploads\/2020\/08\/3m.jpg","amp_enabled":true,"_links":{"self":[{"href":"https:\/\/guineechrono.com\/index.php\/wp-json\/wp\/v2\/posts\/19183","targetHints":{"allow":["GET"]}}],"collection":[{"href":"https:\/\/guineechrono.com\/index.php\/wp-json\/wp\/v2\/posts"}],"about":[{"href":"https:\/\/guineechrono.com\/index.php\/wp-json\/wp\/v2\/types\/post"}],"author":[{"embeddable":true,"href":"https:\/\/guineechrono.com\/index.php\/wp-json\/wp\/v2\/users\/2"}],"replies":[{"embeddable":true,"href":"https:\/\/guineechrono.com\/index.php\/wp-json\/wp\/v2\/comments?post=19183"}],"version-history":[{"count":0,"href":"https:\/\/guineechrono.com\/index.php\/wp-json\/wp\/v2\/posts\/19183\/revisions"}],"wp:featuredmedia":[{"embeddable":true,"href":"https:\/\/guineechrono.com\/index.php\/wp-json\/wp\/v2\/media\/19184"}],"wp:attachment":[{"href":"https:\/\/guineechrono.com\/index.php\/wp-json\/wp\/v2\/media?parent=19183"}],"wp:term":[{"taxonomy":"category","embeddable":true,"href":"https:\/\/guineechrono.com\/index.php\/wp-json\/wp\/v2\/categories?post=19183"},{"taxonomy":"post_tag","embeddable":true,"href":"https:\/\/guineechrono.com\/index.php\/wp-json\/wp\/v2\/tags?post=19183"}],"curies":[{"name":"wp","href":"https:\/\/api.w.org\/{rel}","templated":true}]}}