{"id":19818,"date":"2020-09-02T22:53:06","date_gmt":"2020-09-02T21:53:06","guid":{"rendered":"https:\/\/guineechrono.com\/?p=19818"},"modified":"2020-09-02T22:53:06","modified_gmt":"2020-09-02T21:53:06","slug":"presidentielle-2020-alpha-conde-a-officialise-sa-candidature","status":"publish","type":"post","link":"https:\/\/guineechrono.com\/index.php\/presidentielle-2020-alpha-conde-a-officialise-sa-candidature\/","title":{"rendered":"Pr\u00e9sidentielle 2020 : Alpha Cond\u00e9 a officialis\u00e9 sa candidature"},"content":{"rendered":"<p><strong>C\u2019est officiel, le pr\u00e9sident Alpha Cond\u00e9 sera candidat \u00e0 sa propre succession \u00e0 l\u2019\u00e9lection pr\u00e9sidentielle de 2020, pr\u00e9vue le 18 octobre prochain au compte de son parti RPG-arc-en-ciel.<\/strong><\/p>\n<p>L\u2019annonce a \u00e9t\u00e9 faite par lui-m\u00eame \u00e0 travers une visioconf\u00e9rence, organis\u00e9e ce mercredi, 2 septembre 2020, au Palais du peuple \u00e0 l\u2019occasion d\u2019une manifestation de soutien de femmes.<\/p>\n<p>Dans son intervention, le pr\u00e9sident Alpha Cond\u00e9 a d\u00e9clar\u00e9 officiellement qu\u2019il accepte et s\u2019engage \u00e0 aller \u00e0 l\u2019\u00e9lection pr\u00e9sidentielle de cette ann\u00e9e. \u00ab A partir de maintenant, je m\u2019engage parce que c\u2019est vous les femmes m\u00eames qui le voulez. Je m\u2019engage \u00bb, a-t-il d\u00e9clar\u00e9.<\/p>\n<p>A rappeler que, il y a de cela deux jours, le parti au pouvoir \u00e0 annoncer la m\u00eame chose \u00e0 travers un communiqu\u00e9 t\u00e9l\u00e9vis\u00e9.<\/p>\n<p><strong>Salifou Bountou Camara <\/strong><\/p>\n","protected":false},"excerpt":{"rendered":"<p>C\u2019est officiel, le pr\u00e9sident Alpha Cond\u00e9 sera candidat \u00e0 sa propre succession \u00e0 l\u2019\u00e9lection pr\u00e9sidentielle de 2020, pr\u00e9vue le 18 octobre prochain au compte de son parti RPG-arc-en-ciel. L\u2019annonce a \u00e9t\u00e9 faite par lui-m\u00eame \u00e0 travers une visioconf\u00e9rence, organis\u00e9e ce mercredi, 2 septembre 2020, au Palais du peuple \u00e0 l\u2019occasion d\u2019une manifestation de soutien de [&hellip;]<\/p>\n","protected":false},"author":2,"featured_media":19822,"comment_status":"open","ping_status":"closed","sticky":false,"template":"","format":"standard","meta":{"buzzeditor_post_format":"","footnotes":""},"categories":[43],"tags":[],"class_list":["post-19818","post","type-post","status-publish","format-standard","has-post-thumbnail","hentry","category-politique"],"jetpack_featured_media_url":"https:\/\/guineechrono.com\/wp-content\/uploads\/2020\/09\/alpha-condee.jpg","amp_enabled":true,"_links":{"self":[{"href":"https:\/\/guineechrono.com\/index.php\/wp-json\/wp\/v2\/posts\/19818","targetHints":{"allow":["GET"]}}],"collection":[{"href":"https:\/\/guineechrono.com\/index.php\/wp-json\/wp\/v2\/posts"}],"about":[{"href":"https:\/\/guineechrono.com\/index.php\/wp-json\/wp\/v2\/types\/post"}],"author":[{"embeddable":true,"href":"https:\/\/guineechrono.com\/index.php\/wp-json\/wp\/v2\/users\/2"}],"replies":[{"embeddable":true,"href":"https:\/\/guineechrono.com\/index.php\/wp-json\/wp\/v2\/comments?post=19818"}],"version-history":[{"count":0,"href":"https:\/\/guineechrono.com\/index.php\/wp-json\/wp\/v2\/posts\/19818\/revisions"}],"wp:featuredmedia":[{"embeddable":true,"href":"https:\/\/guineechrono.com\/index.php\/wp-json\/wp\/v2\/media\/19822"}],"wp:attachment":[{"href":"https:\/\/guineechrono.com\/index.php\/wp-json\/wp\/v2\/media?parent=19818"}],"wp:term":[{"taxonomy":"category","embeddable":true,"href":"https:\/\/guineechrono.com\/index.php\/wp-json\/wp\/v2\/categories?post=19818"},{"taxonomy":"post_tag","embeddable":true,"href":"https:\/\/guineechrono.com\/index.php\/wp-json\/wp\/v2\/tags?post=19818"}],"curies":[{"name":"wp","href":"https:\/\/api.w.org\/{rel}","templated":true}]}}