{"id":20039,"date":"2020-09-11T14:30:49","date_gmt":"2020-09-11T13:30:49","guid":{"rendered":"https:\/\/guineechrono.com\/?p=20039"},"modified":"2020-09-14T11:36:14","modified_gmt":"2020-09-14T10:36:14","slug":"conakry-une-journee-de-reconnaissance-organisee-a-lendroit-du-president-conde","status":"publish","type":"post","link":"https:\/\/guineechrono.com\/index.php\/conakry-une-journee-de-reconnaissance-organisee-a-lendroit-du-president-conde\/","title":{"rendered":"Conakry : une journ\u00e9e de reconnaissance organis\u00e9e \u00e0 l\u2019endroit du pr\u00e9sident Cond\u00e9"},"content":{"rendered":"<p><strong>Les jeunes fonctionnaires issus du projet rajeunir et f\u00e9miniser l\u2019administration Guin\u00e9enne, ont organis\u00e9 une journ\u00e9e de reconnaissance \u00e0 l\u2019endroit du pr\u00e9sident Alpha Cond\u00e9, le vendredi 11 septembre 2020 \u00e0 Conakry. <\/strong><strong>La dite c\u00e9r\u00e9monie qui s\u2019est d\u00e9roul\u00e9e dans un r\u00e9ceptif h\u00f4tel de la place, avait pour motif de louer et reconna\u00eetre les efforts engag\u00e9s par le chef de l\u2019\u00c9tat Guin\u00e9en \u00e0 l\u2019endroit de la couche juv\u00e9nile.<\/strong><\/p>\n<p>La rencontre a connu la pr\u00e9sence des membres du Gouvernement ainsi que les corps diplomatiques en Guin\u00e9e.<\/p>\n<p>A l\u2019entame de son discours, le coordinateur du projet rajeunir et f\u00e9miniser l\u2019administration Guin\u00e9enne (RFAG) est revenu sur l\u2019objectif de la rencontre.<\/p>\n<p>&lt;&lt; En 2012, il vous souviendra que gr\u00e2ce \u00e0 l\u2019initiative personnelle du pr\u00e9sident de la R\u00e9publique, le prof Alpha Cond\u00e9, l\u2019ambassade de France en Guin\u00e9e a lev\u00e9 un fonds de soutien et de solidarit\u00e9 d\u00e9nomm\u00e9 fonds de sortie de crise, destin\u00e9 \u00e0 accompagner les efforts du gouvernement Guin\u00e9en dans l\u2019\u00e9tablissement de base d\u2019un \u00e9tat d\u00e9mocratique . De cette initiative est n\u00e9e le projet rajeunir et f\u00e9miniser l\u2019administration publique Guin\u00e9enne . Ce programme se fixe comme objectif de changer l\u2019\u00c9tat d\u2019esprit de l\u2019administration Guin\u00e9enne, en contribuant \u00e0 la qualification \u00e0 court et moyen terme et de tout son personnel &gt;&gt;. A fait savoir Aboubacar Sidiki Nab\u00e9<\/p>\n<p>Pr\u00e9sente \u00e0 cette rencontre, Hawa Beavogui, Ministre des droits et de l\u2019autonomisation des femmes, dira pour sa part ceci.<\/p>\n<p>&lt;&lt; Le pr\u00e9sident de la R\u00e9publique vu sa vision, son leadership de faire de notre administration, une administration de d\u00e9veloppement, de quitter de cette administration de routine et, en faire une administration de d\u00e9veloppement . Et, il a mis\u00e9 sur cette jeunesse Guin\u00e9enne. Et, je me dis, merci \u00e0 M. le pr\u00e9sident. Nous sommes l\u00e0, nous allons valablement repr\u00e9senter et surtout surtout booster de mani\u00e8re holistique cette administration dans l\u2019int\u00e9r\u00eat du peuple de Guin\u00e9e &gt;&gt;. S\u2019est r\u00e9jouie la patronne du d\u00e9partement de l\u2019autonomisation des femmes.<\/p>\n<p>La c\u00e9r\u00e9monie a pris fin par la remise d\u2019un satisfecit de reconnaissance au pr\u00e9sident Alpha Cond\u00e9 et la photo de famille .<\/p>\n<p><strong>Pastoria Camara<\/strong><\/p>\n","protected":false},"excerpt":{"rendered":"<p>Les jeunes fonctionnaires issus du projet rajeunir et f\u00e9miniser l\u2019administration Guin\u00e9enne, ont organis\u00e9 une journ\u00e9e de reconnaissance \u00e0 l\u2019endroit du pr\u00e9sident Alpha Cond\u00e9, le vendredi 11 septembre 2020 \u00e0 Conakry. La dite c\u00e9r\u00e9monie qui s\u2019est d\u00e9roul\u00e9e dans un r\u00e9ceptif h\u00f4tel de la place, avait pour motif de louer et reconna\u00eetre les efforts engag\u00e9s par le [&hellip;]<\/p>\n","protected":false},"author":2,"featured_media":20040,"comment_status":"open","ping_status":"closed","sticky":false,"template":"","format":"standard","meta":{"buzzeditor_post_format":"","footnotes":""},"categories":[2,42,46],"tags":[],"class_list":["post-20039","post","type-post","status-publish","format-standard","has-post-thumbnail","hentry","category-featured","category-news","category-societe"],"jetpack_featured_media_url":"https:\/\/guineechrono.com\/wp-content\/uploads\/2020\/09\/Nabe.jpg","amp_enabled":true,"_links":{"self":[{"href":"https:\/\/guineechrono.com\/index.php\/wp-json\/wp\/v2\/posts\/20039","targetHints":{"allow":["GET"]}}],"collection":[{"href":"https:\/\/guineechrono.com\/index.php\/wp-json\/wp\/v2\/posts"}],"about":[{"href":"https:\/\/guineechrono.com\/index.php\/wp-json\/wp\/v2\/types\/post"}],"author":[{"embeddable":true,"href":"https:\/\/guineechrono.com\/index.php\/wp-json\/wp\/v2\/users\/2"}],"replies":[{"embeddable":true,"href":"https:\/\/guineechrono.com\/index.php\/wp-json\/wp\/v2\/comments?post=20039"}],"version-history":[{"count":0,"href":"https:\/\/guineechrono.com\/index.php\/wp-json\/wp\/v2\/posts\/20039\/revisions"}],"wp:featuredmedia":[{"embeddable":true,"href":"https:\/\/guineechrono.com\/index.php\/wp-json\/wp\/v2\/media\/20040"}],"wp:attachment":[{"href":"https:\/\/guineechrono.com\/index.php\/wp-json\/wp\/v2\/media?parent=20039"}],"wp:term":[{"taxonomy":"category","embeddable":true,"href":"https:\/\/guineechrono.com\/index.php\/wp-json\/wp\/v2\/categories?post=20039"},{"taxonomy":"post_tag","embeddable":true,"href":"https:\/\/guineechrono.com\/index.php\/wp-json\/wp\/v2\/tags?post=20039"}],"curies":[{"name":"wp","href":"https:\/\/api.w.org\/{rel}","templated":true}]}}