{"id":20193,"date":"2020-09-22T20:09:35","date_gmt":"2020-09-22T19:09:35","guid":{"rendered":"https:\/\/guineechrono.com\/?p=20193"},"modified":"2020-09-22T20:09:35","modified_gmt":"2020-09-22T19:09:35","slug":"guinee-mes-inquietudes-mes-interrogations-au-peuple-aux-gouvernants-et-aux-gouvernes-par-abbe-paul-tamba-kamano","status":"publish","type":"post","link":"https:\/\/guineechrono.com\/index.php\/guinee-mes-inquietudes-mes-interrogations-au-peuple-aux-gouvernants-et-aux-gouvernes-par-abbe-paul-tamba-kamano\/","title":{"rendered":"Guin\u00e9e: mes inqui\u00e9tudes, mes interrogations au peuple, aux gouvernants et aux gouvern\u00e9s (par Abb\u00e9 Paul Tamba Kamano)."},"content":{"rendered":"<p>Ma constante pr\u00e9occupation de mettre en honneur la justice sociale, pr\u00e9conisant la radicale \u00e9galit\u00e9 de tous les citoyens guin\u00e9ens dans leurs droits fondamentaux, par-del\u00e0 les particularit\u00e9s religieuses, socio-culturelles, ethniques et politiques suscite en moi ces inqui\u00e9tudes, cette peur et ces interrogations \u00e0 la veille des \u00e9lections pr\u00e9sidentielles du 18 octobre en Guin\u00e9e :<\/p>\n<p>\u00c0 quand l\u2019instauration d\u2019un \u00c9tat de droit en Guin\u00e9e? \u00c0 quand l\u2019av\u00e8nement de la D\u00e9mocratie? De qui nous viendra le salut?<\/p>\n<p>En effet, face aux d\u00e9rives de la soci\u00e9t\u00e9 guin\u00e9enne, face \u00e0 la d\u00e9shumanisation des institutions et \u00e0 la violation r\u00e9p\u00e9t\u00e9e des droits inali\u00e9nables de la dignit\u00e9 humaine et le non respect du principe de la la\u00efcit\u00e9 de l\u2019\u00c9tat, mon c\u0153ur saigne, j\u2019ai honte de l&rsquo;\u00e9lite de mon pays, je suis inquiet et je demande au Ma\u00eetre du Temps et de l&rsquo;Histoire de doter la Guin\u00e9e d\u2019un \u00c9tat de droit.<\/p>\n<p>D\u2019un point de vue juridico-moral, un \u00c9tat de droit, est un \u00c9tat qui s&rsquo;engage dans la promotion des valeurs d\u00e9mocratiques et la d\u00e9fense des droits humains.<\/p>\n<p>Cette d\u00e9fense des droits exige le respect et l&rsquo;application de la loi \u00e9clair\u00e9e par la lumi\u00e8re de la conscience, de mani\u00e8re impartiale et juste. C&rsquo;est seulement au prix de ce respect strict de la loi par les gouvernants et les gouvern\u00e9s que peuvent \u00eatre garanties la bonne gestion du bien commun et la s\u00e9curit\u00e9 de tous les citoyens.<\/p>\n<p>Cette p\u00e9dagogie exige la libert\u00e9 et l&rsquo;\u00e9galit\u00e9 qui sont des valeurs importantes pour la restauration d&rsquo;une v\u00e9ritable D\u00e9mocratie et d&rsquo;un \u00c9tat de droit digne de nom.L&rsquo;absence de ces valeurs dans un pays compromet la stabilit\u00e9 politique et sociale et hypoth\u00e8que le potentiel humain et \u00e9conomique.<\/p>\n<p>Cela engendre in\u00e9vitablement la corruption, l&rsquo;impunit\u00e9, les violences contre les minorit\u00e9s et ouvre la porte aux d\u00e9viances de tous genres. Ces exc\u00e8s sont r\u00e9v\u00e9lateurs de la crise morale qui a pour cons\u00e9quence la perte ou la n\u00e9gligence des valeurs fondatrices de l&rsquo;\u00e9quilibre individuel, social et cosmique.<\/p>\n<p>On peut donc dire que dans un \u00c9tat de droit, les principes fondamentaux de la dignit\u00e9 de la personne humaine, de la libert\u00e9 de conscience et de pratiquer sa religion, de la libert\u00e9 d&rsquo;expression et de l&rsquo;\u00e9galit\u00e9 sont s\u00e9curis\u00e9s.<\/p>\n<p>La religion est la plus grande expression de la libert\u00e9 de l&rsquo;homme parce qu&rsquo;elle se situe au sein du domaine inviolable et intime de la conscience humaine. La plus grande de toutes les libert\u00e9s est donc la libert\u00e9 religieuse et de conscience.<\/p>\n<p>Malheureusement, la culture politique guin\u00e9enne forme une g\u00e9n\u00e9ration de \u00ab politiciens \u00bb sans conscience religieuse dont la morale reste au niveau de l&rsquo;instinct, et dont l&rsquo;id\u00e9al se limite au culte du moi ; ce qui compromet l&rsquo;avenir du pays<\/p>\n<p>\u2013 Car priver l&rsquo;homme de Dieu, c&rsquo;est le priver de sens, c&rsquo;est donc le tuer lentement mais s\u00fbrement en supprimant en lui l&rsquo;esp\u00e9rance. Notre pays a aujourd&rsquo;hui besoin de dirigeants qui incarnent la v\u00e9rit\u00e9, la justice, le patriotisme agissant, la paix, la coh\u00e9sion sociale, l&rsquo;\u00e9quit\u00e9, le respect des lois mais il a surtout besoin des hommes et des femmes au service de Dieu et de l\u2019homme.<\/p>\n<p>Les serviteurs de l\u2019\u00c9tat sont ceux et celles qui se mettent au service de toute la Nation sans distinction de religion, d&rsquo;ethnie, de r\u00e9gion ou de formation politique. La Guin\u00e9e est un pays o\u00f9 la pratique effective de la la\u00efcit\u00e9 devrait contribuer efficacement \u00e0 la promotion de la culture de la paix et la mise en \u0153uvre du programme de d\u00e9veloppement fond\u00e9es sur la fraternit\u00e9 et la solidarit\u00e9 humaines.<\/p>\n<p>En paraphrasant Christine Boutin, femme politique fran\u00e7aise, je dirais que la la\u00efcit\u00e9 doit \u00eatre d\u00e9sormais d\u00e9finie non plus comme distinction entre le politique et le religieux, mais comme une contribution n\u00e9cessaire des religions \u00e0 la construction de la soci\u00e9t\u00e9.<\/p>\n<p>Car la religion est un facteur de d\u00e9veloppement humain, social et \u00e9conomique. Que l\u2019\u00c9tat guin\u00e9en se penche sur la situation qui s\u00e9vit entre les Communaut\u00e9s religieuses ou les institutions install\u00e9es \u00e0 Kendoumaya et les autorit\u00e9s locales et pr\u00e9fectorales de Coyah afin d\u2019\u00e9viter la violence et r\u00e9tablir la justice et la v\u00e9rit\u00e9.<\/p>\n<p>Depuis l\u2019av\u00e8nement de l\u2019ind\u00e9pendance en 1958 et malgr\u00e9 les gouvernements qui se succ\u00e8dent, la R\u00e9publique de Guin\u00e9e n\u2019est pas parvenue \u00e0 sortir de la violence et de la mis\u00e8re.<\/p>\n<p>Le pays est tenu en otage, ce qui paralyse la promotion humaine, la consolidation des institutions de l\u2019\u00c9tat, la mise en \u0153uvre d\u2019un programme de d\u00e9veloppement, la mise en valeur et la gestion rationnelle des ressources naturelles.<\/p>\n<p>Apr\u00e8s soixante-deux ans d\u2019ind\u00e9pendance, il est plus facile aujourd&rsquo;hui d&rsquo;enseigner la foi chr\u00e9tienne aux juifs que de leur faire comprendre que l&rsquo;un des pays les plus riches de l&rsquo;Afrique et du monde ( scandale g\u00e9ologique, ch\u00e2teau d&rsquo;eau de l&rsquo;Afrique de l&rsquo;ouest) abrite les populations les plus pauvres de la plan\u00e8te terre.<\/p>\n<p>Quand on parcourt le pays, il est terrifiant de rouler sur des voies sans bitume, de rencontrer des villages et des villes non \u00e9clair\u00e9s, sans eau potable et sans infrastructures sanitaires.<\/p>\n<p>\u00c0 quand la construction et l\u2019\u00e9mergence du pays maintes fois promises par les politiciens en p\u00e9riode de campagne \u00e9lectorale?<\/p>\n<p>Que dire aux enfants et aux jeunes qui risquent de passer toute leur vie \u00e0 esp\u00e9rer un lendemain meilleur sans suite?<\/p>\n<p>Quels leaders pourront-ils sortir le peuple guin\u00e9en de l&rsquo;oppression, de la haine, de la pauvret\u00e9 mat\u00e9rielle, morale et spirituelle, de la mis\u00e8re, de l&rsquo;ignorance?<\/p>\n<p>La Guin\u00e9e se trouve dans une p\u00e9riode d\u00e9licate de son histoire et de son destin, elle a aujourd&rsquo;hui plus que jamais besoin de dirigeants charismatiques, pour faire face aux enjeux nationaux et internationaux.<\/p>\n<p>Le pays joue le 18 octobre prochain la Ligue des champions sur un terrain min\u00e9 et tr\u00e8s glissant o\u00f9 les joueurs d\u2019une des \u00e9quipes en comp\u00e9tions sont en m\u00eame temps les arbitres du match.<\/p>\n<p>Quelle place et quel r\u00f4le donnons-nous \u00e0 la conscience morale et humaine qui est le seul lieu de la d\u00e9cision et de libre choix?<\/p>\n<p>Personne ne sera surpris de voir les \u00e9quipes adverses endosser ou encaisser des penaltys, des cartons jaunes et rouges \u00e0 tort. Le c\u0153ur de nos dirigeants et hommes politiques est atteint d&rsquo;un virus mortel, il a besoin de soins appropri\u00e9s. La mentalit\u00e9 du Guin\u00e9en est rong\u00e9e par l&rsquo;ethnicisme, le r\u00e9gionalisme, le clanisme et la \u00ab politique du ventre \u00bb.<\/p>\n<p>Ne sommes-nous pas en train d&rsquo;assister comme des spectateurs passifs et impuissants, au naufrage de la conscience morale et politique du Guin\u00e9en dans les eaux profondes du mal et de la mort ? Je nous invite chers Guin\u00e9ens \u00e0 l&rsquo;unit\u00e9 nationale, au patriotisme, au respect des droits humains, \u00e0 la justice sociale et \u00e0 la paix.<\/p>\n<p>J&rsquo;invite les institutions comme la CENI, la Cour Constitutionnelle, les Forces de l&rsquo;ordre, etc., \u00e0 faire preuve d&rsquo;impartialit\u00e9, d&rsquo;honn\u00eatet\u00e9 et d\u2019ind\u00e9pendance signes de maturit\u00e9 politique.<\/p>\n<p>Votre sens \u00e9lev\u00e9 de l&rsquo;humanisme et votre engagement civique, moral et spirituel permettront \u00e0 la Guin\u00e9e de relever les nombreux d\u00e9fis qui lui sont lanc\u00e9s dans la conduite du destin commun.<\/p>\n<p>J\u2019invite les croyants (chr\u00e9tiens, musulmans et autres) \u00e0 se comporter en hommes et femmes exemplaires, responsables et \u00e0 ne pas c\u00e9der \u00e0 la division, \u00e0 l\u2019incivisme, au clanisme, \u00e0 la corruption \u00e9rig\u00e9e en loi sociale, au rejet de l\u2019autre et au mensonge honor\u00e9 et exalt\u00e9 comme une valeur populaire nationale.<\/p>\n<p>Les pouvoirs publics sont pri\u00e9s de r\u00e9tablir dans leurs droits, les institutions install\u00e9es \u00e0 Kendoumaya o\u00f9 se forment les futurs formateurs et \u00e9veilleurs de la conscience morale, humaine et religieuse du peuple de Guin\u00e9e tout entier.<\/p>\n<p>Que prime l&rsquo;int\u00e9r\u00eat g\u00e9n\u00e9ral dans la v\u00e9rit\u00e9, la justice, l&rsquo;honn\u00eatet\u00e9 et la droiture.<\/p>\n<p>Que Dieu b\u00e9nisse la Guin\u00e9e et les Guin\u00e9ens.<\/p>\n<p><strong>Abb\u00e9 Paul Tamba Kamano. <\/strong><\/p>\n<p>&nbsp;<\/p>\n","protected":false},"excerpt":{"rendered":"<p>Ma constante pr\u00e9occupation de mettre en honneur la justice sociale, pr\u00e9conisant la radicale \u00e9galit\u00e9 de tous les citoyens guin\u00e9ens dans leurs droits fondamentaux, par-del\u00e0 les particularit\u00e9s religieuses, socio-culturelles, ethniques et politiques suscite en moi ces inqui\u00e9tudes, cette peur et ces interrogations \u00e0 la veille des \u00e9lections pr\u00e9sidentielles du 18 octobre en Guin\u00e9e : \u00c0 quand [&hellip;]<\/p>\n","protected":false},"author":2,"featured_media":20194,"comment_status":"open","ping_status":"closed","sticky":false,"template":"","format":"standard","meta":{"buzzeditor_post_format":"","footnotes":""},"categories":[42],"tags":[],"class_list":["post-20193","post","type-post","status-publish","format-standard","has-post-thumbnail","hentry","category-news"],"jetpack_featured_media_url":"https:\/\/guineechrono.com\/wp-content\/uploads\/2020\/09\/eglisee.jpg","amp_enabled":true,"_links":{"self":[{"href":"https:\/\/guineechrono.com\/index.php\/wp-json\/wp\/v2\/posts\/20193","targetHints":{"allow":["GET"]}}],"collection":[{"href":"https:\/\/guineechrono.com\/index.php\/wp-json\/wp\/v2\/posts"}],"about":[{"href":"https:\/\/guineechrono.com\/index.php\/wp-json\/wp\/v2\/types\/post"}],"author":[{"embeddable":true,"href":"https:\/\/guineechrono.com\/index.php\/wp-json\/wp\/v2\/users\/2"}],"replies":[{"embeddable":true,"href":"https:\/\/guineechrono.com\/index.php\/wp-json\/wp\/v2\/comments?post=20193"}],"version-history":[{"count":0,"href":"https:\/\/guineechrono.com\/index.php\/wp-json\/wp\/v2\/posts\/20193\/revisions"}],"wp:featuredmedia":[{"embeddable":true,"href":"https:\/\/guineechrono.com\/index.php\/wp-json\/wp\/v2\/media\/20194"}],"wp:attachment":[{"href":"https:\/\/guineechrono.com\/index.php\/wp-json\/wp\/v2\/media?parent=20193"}],"wp:term":[{"taxonomy":"category","embeddable":true,"href":"https:\/\/guineechrono.com\/index.php\/wp-json\/wp\/v2\/categories?post=20193"},{"taxonomy":"post_tag","embeddable":true,"href":"https:\/\/guineechrono.com\/index.php\/wp-json\/wp\/v2\/tags?post=20193"}],"curies":[{"name":"wp","href":"https:\/\/api.w.org\/{rel}","templated":true}]}}