{"id":20278,"date":"2020-09-25T23:53:55","date_gmt":"2020-09-25T22:53:55","guid":{"rendered":"https:\/\/guineechrono.com\/?p=20278"},"modified":"2020-09-25T23:53:55","modified_gmt":"2020-09-25T22:53:55","slug":"journee-internationale-de-la-paix-des-jeunes-de-la-federation-des-clubs-de-la-paix-sactivent","status":"publish","type":"post","link":"https:\/\/guineechrono.com\/index.php\/journee-internationale-de-la-paix-des-jeunes-de-la-federation-des-clubs-de-la-paix-sactivent\/","title":{"rendered":"Journ\u00e9e internationale de la paix : des jeunes de la f\u00e9d\u00e9ration  des clubs de la paix s&rsquo;activent"},"content":{"rendered":"<p><strong>La f\u00e9d\u00e9ration des clubs de la paix de Matoto a c\u00e9l\u00e9br\u00e9 en diff\u00e9r\u00e9 ce vendredi 25 septembre 2020 la journ\u00e9e internationale de la paix dans la commune de Matoto. Il \u00e9tait question de parler de la promotion et la pr\u00e9vention de la paix au sein de leurs communaut\u00e9s, dont Le th\u00e8me retenu de cette ann\u00e9e est \u00ab fa\u00e7onnons la paix ensemble \u00bb. Cette rencontre a r\u00e9uni les responsables des forces de l\u2019ordre et de s\u00e9curit\u00e9 de Matoto, les partenaires et les diff\u00e9rentes f\u00e9d\u00e9rations de la paix de Matoto.<\/strong><\/p>\n<p>Dans son discours de bienvenue, Fatoumata Cherif Diallo, coordinatrice de la f\u00e9d\u00e9ration des clubs de la paix de Matoto est revenue sur la mission que ladite f\u00e9d\u00e9ration s\u2019est assign\u00e9e. \u00ab Cette journ\u00e9e doit nous rappeler de la mission qui est la n\u00f4tre, la promotion de la paix au sein de la communaut\u00e9. Surtout en cette p\u00e9riode o\u00f9 notre pays se pr\u00e9pare pour le scrutin du 18 octobre, malheureusement \u00e0 chaque \u00e9lection nous assistons \u00e0 la violence de part et d\u2019autres, des violences ethniques, des violences intercommunautaires qui peuvent nous interpeler. Vu que nous sommes les repr\u00e9sentants au sein de nos communaut\u00e9s, nous devons garantir le vivre ensemble et la coh\u00e9sion sociale \u00bb, a-t-elle indiqu\u00e9.<\/p>\n<p>Selon elle cette journ\u00e9e internationale de la paix ne peut pas se passer sans qu\u2019on ne le c\u00e9l\u00e8bre, m\u00eame si on le fait en diff\u00e9r\u00e9. C\u2019est un sentiment de satisfaction de joie que nous sommes sur la ligne directive de notre objectif.<\/p>\n<p><a href=\"http:\/\/oeildupeuple.info\/wp-content\/uploads\/2020\/09\/20200925_152123-scaled.jpg\"><img decoding=\"async\" class=\"alignnone size-medium wp-image-1206 td-animation-stack-type0-2\" src=\"http:\/\/oeildupeuple.info\/wp-content\/uploads\/2020\/09\/20200925_152123-300x225.jpg\" sizes=\"(max-width: 300px) 100vw, 300px\" srcset=\"http:\/\/oeildupeuple.info\/wp-content\/uploads\/2020\/09\/20200925_152123-300x225.jpg 300w, http:\/\/oeildupeuple.info\/wp-content\/uploads\/2020\/09\/20200925_152123-1024x768.jpg 1024w, http:\/\/oeildupeuple.info\/wp-content\/uploads\/2020\/09\/20200925_152123-768x576.jpg 768w, http:\/\/oeildupeuple.info\/wp-content\/uploads\/2020\/09\/20200925_152123-1536x1152.jpg 1536w, http:\/\/oeildupeuple.info\/wp-content\/uploads\/2020\/09\/20200925_152123-2048x1536.jpg 2048w, http:\/\/oeildupeuple.info\/wp-content\/uploads\/2020\/09\/20200925_152123-80x60.jpg 80w, http:\/\/oeildupeuple.info\/wp-content\/uploads\/2020\/09\/20200925_152123-265x198.jpg 265w, http:\/\/oeildupeuple.info\/wp-content\/uploads\/2020\/09\/20200925_152123-696x522.jpg 696w, http:\/\/oeildupeuple.info\/wp-content\/uploads\/2020\/09\/20200925_152123-1068x801.jpg 1068w, http:\/\/oeildupeuple.info\/wp-content\/uploads\/2020\/09\/20200925_152123-560x420.jpg 560w, http:\/\/oeildupeuple.info\/wp-content\/uploads\/2020\/09\/20200925_152123-750x563.jpg 750w, http:\/\/oeildupeuple.info\/wp-content\/uploads\/2020\/09\/20200925_152123-1140x855.jpg 1140w\" alt=\"\" \/><\/a>De son c\u00f4t\u00e9, le lieutenant \u00c9lie Tour\u00e9, repr\u00e9sentant des forces de s\u00e9curit\u00e9, se dit satisfait de cette initiative et sollicite \u00e0 ces jeunes porteurs de la paix d\u2019aller aupr\u00e8s des citoyens pour les expliquer le bien-fond\u00e9 de la paix et assist\u00e9. Tout en invitant ces f\u00e9d\u00e9rations d\u2019interpeler les autorit\u00e9s sur les causes qui menacent la paix, ou qui suscitent des r\u00e9voltes au sein des citoyens.<\/p>\n<p>Pour le repr\u00e9sentant de Search for Common Ground cette journ\u00e9e est sp\u00e9cialement d\u00e9di\u00e9e pour la pr\u00e9vention de la paix et v\u00e9cue ensemble. Il recommande aux jeunes \u00e0 \u0153uvrer davantage pour la sensibilisation et la promotion de la paix au sein de leurs communaut\u00e9s.<\/p>\n<p>Au cours de cette rencontre il y a eu la prestation des jeunes qui ont fait le po\u00e8me sur la paix et une vid\u00e9o a \u00e9t\u00e9 projet\u00e9 pour la sensibilisation et la lutte contre la non-violence entre les forces de s\u00e9curit\u00e9 et les citoyens.<\/p>\n<p><strong>Camara<\/strong><\/p>\n","protected":false},"excerpt":{"rendered":"<p>La f\u00e9d\u00e9ration des clubs de la paix de Matoto a c\u00e9l\u00e9br\u00e9 en diff\u00e9r\u00e9 ce vendredi 25 septembre 2020 la journ\u00e9e internationale de la paix dans la commune de Matoto. Il \u00e9tait question de parler de la promotion et la pr\u00e9vention de la paix au sein de leurs communaut\u00e9s, dont Le th\u00e8me retenu de cette ann\u00e9e [&hellip;]<\/p>\n","protected":false},"author":2,"featured_media":20279,"comment_status":"open","ping_status":"closed","sticky":false,"template":"","format":"standard","meta":{"buzzeditor_post_format":"","footnotes":""},"categories":[2,42,46],"tags":[],"class_list":["post-20278","post","type-post","status-publish","format-standard","has-post-thumbnail","hentry","category-featured","category-news","category-societe"],"jetpack_featured_media_url":"https:\/\/guineechrono.com\/wp-content\/uploads\/2020\/09\/20200925_152158-scaled.jpg","amp_enabled":true,"_links":{"self":[{"href":"https:\/\/guineechrono.com\/index.php\/wp-json\/wp\/v2\/posts\/20278","targetHints":{"allow":["GET"]}}],"collection":[{"href":"https:\/\/guineechrono.com\/index.php\/wp-json\/wp\/v2\/posts"}],"about":[{"href":"https:\/\/guineechrono.com\/index.php\/wp-json\/wp\/v2\/types\/post"}],"author":[{"embeddable":true,"href":"https:\/\/guineechrono.com\/index.php\/wp-json\/wp\/v2\/users\/2"}],"replies":[{"embeddable":true,"href":"https:\/\/guineechrono.com\/index.php\/wp-json\/wp\/v2\/comments?post=20278"}],"version-history":[{"count":0,"href":"https:\/\/guineechrono.com\/index.php\/wp-json\/wp\/v2\/posts\/20278\/revisions"}],"wp:featuredmedia":[{"embeddable":true,"href":"https:\/\/guineechrono.com\/index.php\/wp-json\/wp\/v2\/media\/20279"}],"wp:attachment":[{"href":"https:\/\/guineechrono.com\/index.php\/wp-json\/wp\/v2\/media?parent=20278"}],"wp:term":[{"taxonomy":"category","embeddable":true,"href":"https:\/\/guineechrono.com\/index.php\/wp-json\/wp\/v2\/categories?post=20278"},{"taxonomy":"post_tag","embeddable":true,"href":"https:\/\/guineechrono.com\/index.php\/wp-json\/wp\/v2\/tags?post=20278"}],"curies":[{"name":"wp","href":"https:\/\/api.w.org\/{rel}","templated":true}]}}