{"id":20375,"date":"2020-10-02T01:05:16","date_gmt":"2020-10-02T00:05:16","guid":{"rendered":"https:\/\/guineechrono.com\/?p=20375"},"modified":"2020-10-02T01:05:16","modified_gmt":"2020-10-02T00:05:16","slug":"guinee-voici-ladresse-du-president-alpha-conde-a-loccasion-du-62eme-anniversaire-dindependance","status":"publish","type":"post","link":"https:\/\/guineechrono.com\/index.php\/guinee-voici-ladresse-du-president-alpha-conde-a-loccasion-du-62eme-anniversaire-dindependance\/","title":{"rendered":"Guin\u00e9e : voici l\u2019adresse du pr\u00e9sident Alpha Cond\u00e9 \u00e0 l\u2019occasion du 62\u00e8me anniversaire  d\u2019ind\u00e9pendance"},"content":{"rendered":"<p><strong>Guin\u00e9ennes, Guin\u00e9ens,<\/strong><\/p>\n<p><strong>Mes chers compatriotes de la Guin\u00e9e et de la diaspora<\/strong><\/p>\n<p>Nous c\u00e9l\u00e9brons en ce jour, le soixante deuxi\u00e8me anniversaire de notre accession \u00e0 la souverainet\u00e9 internationale. Cette ind\u00e9pendance acquise le 2 octobre 1958, a \u00e9t\u00e9 un moment exaltant de l\u2019Histoire de la Guin\u00e9e, premier pays francophone \u00e0 se lib\u00e9rer de la tutelle coloniale. Et cette date, qui a fait de notre jeune r\u00e9publique, le pionnier de la lutte pour les ind\u00e9pendances africaines, restera \u00e0 jamais grav\u00e9e dans notre m\u00e9moire collective.<\/p>\n<p>Au nom de ce pass\u00e9 commun, je voudrais exprimer avec vous, notre fiert\u00e9 d\u2019avoir continu\u00e9 \u00e0 \u0153uvrer pour la consolidation d\u2019un pays solidaire, uni et responsable. Notre fiert\u00e9 aussi d\u2019appartenir \u00e0 une communaut\u00e9 de femmes et d\u2019hommes, fond\u00e9e sur les valeurs de paix et de fraternit\u00e9 qui caract\u00e9risent notre nation.<\/p>\n<p>C\u2019est l\u2019occasion pour moi de saluer l\u2019effort collectif que nous avons accompli ensemble depuis quelques mois, face \u00e0 la pand\u00e9mie du coronavirus qui frappe la plan\u00e8te depuis le mois de mars 2020. Notre r\u00e9silience a \u00e9t\u00e9 constante et de nombreuses initiatives ont \u00e9t\u00e9 d\u00e9ploy\u00e9es par le Gouvernement pour permettre d\u2019enrayer la progression de cette maladie qui a fragilis\u00e9 toutes les \u00e9conomies du monde, y compris l\u2019\u00e9conomie guin\u00e9enne.<\/p>\n<p><strong>Guin\u00e9ennes, Guin\u00e9ens, mes chers compatriotes<\/strong><\/p>\n<p>Notre pays a pu g\u00e9rer les impacts de la pand\u00e9mie actuelle, pour avoir su tirer une grande exp\u00e9rience de l\u2019\u00e9pid\u00e9mie \u00e0 virus Ebola, \u00e0 laquelle la Guin\u00e9e a \u00e9t\u00e9 confront\u00e9e de 2013 \u00e0 2015. Les le\u00e7ons apprises de la p\u00e9riode Ebola, nous ont pr\u00e9par\u00e9 \u00e0 mieux affronter les difficiles \u00e9preuves d\u2019aujourd\u2019hui. C\u2019est ainsi que d\u00e8s le 13 mars 2020, le Gouvernement a pris des mesures urgentes pour contenir la propagation du virus, en instaurant des r\u00e8gles bas\u00e9es sur le suivi automatique des voyageurs provenant de pays \u00e0 risque, l\u2019interdiction dans la capitale des rassemblements de masse, la fermeture des fronti\u00e8res terrestres et maritimes, le port obligatoire du masque, l\u2019instauration du couvre-feu, ainsi que la limitation \u00e0 trois du nombre de passagers dans les taxis et voitures individuelles. Nous sommes conscients des contraintes que cela pose parfois \u00e0 nos populations et \u00e0 certains domaines d\u2019activit\u00e9s, mais ces mesures ont \u00e9t\u00e9 utiles pour assurer notre s\u00e9curit\u00e9 sanitaire et celle de nos familles. Aujourd\u2019hui, le couvre-feu all\u00e9g\u00e9 se limite de minuit \u00e0 4 heures du matin dans le grand Conakry, la r\u00e9ouverture des \u00e9coles a \u00e9t\u00e9 effective d\u00e8s le 29 juin et nous avons proc\u00e9d\u00e9 \u00e0 celle des lieux de culte. Cependant, nous sommes toujours oblig\u00e9s de soumettre nos concitoyens \u00e0 des mesures barri\u00e8res, lesquelles ont eu pour cons\u00e9quences positives un faible taux de pr\u00e9valence, notre pays ne comptant que 10000 cas confirm\u00e9s pour 65 d\u00e9c\u00e8s au mois de septembre 2020. Je remercie chacun d\u2019entre vous pour le strict respect de ces consignes que je vous demande encore d\u2019observer, jusqu\u2019\u00e0 notre sortie d\u00e9finitive de la pand\u00e9mie.<\/p>\n<p><strong>Guin\u00e9ennes, Guin\u00e9ens, mes chers compatriotes<\/strong><\/p>\n<p>En cette ann\u00e9e 2020, la Guin\u00e9e s\u2019est dot\u00e9e d\u2019une nouvelle Assembl\u00e9e nationale, dont les membres sont issus de diff\u00e9rents horizons de la vie politique et sociale. Notre pays a \u00e9galement entrepris une r\u00e9forme institutionnelle majeure en adoptant une nouvelle Constitution qui a \u00e9t\u00e9 soumise \u00e0 r\u00e9f\u00e9rendum le 22 mars 2020. Cette consultation r\u00e9f\u00e9rendaire a \u00e9t\u00e9 organis\u00e9e dans un esprit d\u2019\u00e9change et d\u2019ouverture d\u00e9mocratique, chaque citoyen a eu la possibilit\u00e9 d\u2019apporter sa contribution \u00e0 un texte qui modernise nos institutions et offre de nouveaux droits \u00e0 chaque citoyen guin\u00e9en. Avec cette nouvelle constitution, nous enregistrons des avanc\u00e9es d\u00e9cisives sur les questions du genre comme l\u2019interdiction des mariages forc\u00e9s et des mutilations g\u00e9nitales f\u00e9minines. La nouvelle Loi fondamentale consacre \u00e9galement le principe de l\u2019\u00e9galit\u00e9 femmes-hommes, r\u00e9alisant ainsi une vraie conqu\u00eate politique. La loi pr\u00e9voit d\u00e9sormais que le Gouvernement et les Assembl\u00e9es doivent \u00eatre compos\u00e9s d\u2019au moins un tiers de femmes. Et dans le cadre de l\u2019autonomisation des femmes et des jeunes, l\u2019Etat veille \u00e0 travers des fonds sp\u00e9cifiques, \u00e0 la pr\u00e9paration de la jeunesse aux d\u00e9fis du futur. C\u2019est ainsi que l\u2019\u00e9cole devient obligatoire jusqu\u2019\u00e0 l\u2019\u00e2ge de 16 ans, sans oublier la prise en charge des personnes handicap\u00e9s. Le champ des libert\u00e9s s\u2019\u00e9largit sensiblement et tous les grands principes des droits humains sont consacr\u00e9s par la nouvelle l\u00e9gislation. Avec le respect de l\u2019int\u00e9grit\u00e9 physique de la personne, en rappelant qu\u2019aucune situation d\u2019exception ou d\u2019urgence ne doit justifier la violation des droits humains et que nul ne peut se pr\u00e9valoir d\u2019une instruction ou d\u2019un ordre pour ex\u00e9cuter une telle d\u00e9cision, aucun citoyen ne peut \u00eatre contraint \u00e0 l\u2019exil. De m\u00eame, l\u2019ind\u00e9pendance de la justice est consacr\u00e9e vis-\u00e0-vis de tous les pouvoirs. Enfin, et le caract\u00e8re historique de cette r\u00e9forme n\u2019\u00e9chappe \u00e0 personne, la peine de mort dispara\u00eet d\u00e9finitivement de notre arsenal juridique.<\/p>\n<p><strong>Guin\u00e9ennes, Guin\u00e9ens, mes chers compatriotes<\/strong><\/p>\n<p>Dans deux semaines, nos citoyens s\u2019appr\u00eatent \u00e0 se rendre aux urnes pour une nouvelle \u00e9lection pr\u00e9sidentielle, libre, sinc\u00e8re, transparente et inclusive. Tous les acteurs politiques qui souhaitaient prendre part au scrutin, ont pu le faire, sans aucune entrave. Notre d\u00e9mocratie politique ne connait aucune exclusion, aucun homme, aucune femme politique ne souffre de prison, de bannissement ou de contrainte \u00e0 l\u2019exil pour ses opinions. Le m\u00e9rite en revient \u00e0 nous tous, car depuis 2010, malgr\u00e9 de nombreux soubresauts politiques et sociaux inh\u00e9rents \u00e0 la construction d\u2019un mod\u00e8le d\u00e9mocratique, la Guin\u00e9e a gard\u00e9 le cap sur la voie d\u00e9mocratique. Je souhaite que cette \u00e9lection supervis\u00e9e par une Commission \u00e9lectorale nationale ind\u00e9pendante compos\u00e9e sur une base paritaire entre la majorit\u00e9 pr\u00e9sidentielle et l\u2019opposition, soit l\u2019illustration de l\u2019expression de la vitalit\u00e9 du d\u00e9bat d\u00e9mocratique dans notre pays, afin de revisiter ensemble les r\u00e9alisations et acquis de cette d\u00e9cennie sur les plans politique, \u00e9conomique et social. C\u2019est ici le lieu d\u2019entendre et de comparer les projets de soci\u00e9t\u00e9 d\u00e9fendus par chacun, afin que le peuple puisse exprimer son choix en toute libert\u00e9, loin du spectre de la division et de la violence politique toujours pr\u00e9judiciables \u00e0 l\u2019\u00e9tat de droit. J\u2019exhorte donc chacun \u00e0 veiller \u00e0 ce que l\u2019int\u00e9r\u00eat du plus grand nombre prime sur les int\u00e9r\u00eats personnels ou communautaristes. La d\u00e9mocratie est plus que jamais au c\u0153ur de notre projet de soci\u00e9t\u00e9. Nous avons rajeuni et f\u00e9minis\u00e9 l\u2019administration, nous avons rehauss\u00e9 le pouvoir d\u2019achat des paysans par le soutien apport\u00e9 au monde agricole. Chaque citoyen est fier de la refonte des Forces de d\u00e9fense et de s\u00e9curit\u00e9 qui a fait de notre Arm\u00e9e, une institution moderne et r\u00e9publicaine, garante de nos acquis d\u00e9mocratiques. Cet ensemble de r\u00e9formes, qui a plac\u00e9 l\u2019unit\u00e9 nationale et la citoyennet\u00e9 au centre de notre vie politique, a pour but de faire de cette derni\u00e8re un espace de fraternit\u00e9 et de solidarit\u00e9 active.<\/p>\n<p><strong>Guin\u00e9ennes, Guin\u00e9ens<\/strong><\/p>\n<p>Plus que jamais, notre objectif est d\u2019am\u00e9liorer le niveau de vie des Guin\u00e9ens, notamment celui des jeunes et les femmes des cit\u00e9s urbaines comme de l\u2019arri\u00e8re-pays. Cette politique s\u2019exerce par la prise en compte des besoins sociaux de base qui figurent parmi les imp\u00e9ratifs de notre contrat social. Notamment l\u2019am\u00e9lioration de la fourniture d\u2019eau et d\u2019\u00e9lectricit\u00e9, avec le barrage de Kal\u00e9ta en 2015 (240 mgw), celui de Souapiti cette ann\u00e9e (450 mgw) et bient\u00f4t le barrage d\u2019Amaria d\u2019une capacit\u00e9 de 300 mgw. Sans compter les barrages r\u00e9gionaux pr\u00e9vus dans notre plan \u00e9nerg\u00e9tique. Cette volont\u00e9 se traduit \u00e9galement par l\u2019affectation de 15% des recettes mini\u00e8res aux collectivit\u00e9s locales par l\u2019Agence nationale de financement des collectivit\u00e9s (Anafic) dot\u00e9e d\u2019un budget qui devrait atteindre plus de 700 milliards de francs guin\u00e9ens en 2025. Au titre du Fonds de d\u00e9veloppement local (Fodel), les localit\u00e9s mini\u00e8res devraient percevoir 125 milliards de francs guin\u00e9ens par an. Elle se manifeste aussi par l\u2019inclusion \u00e9conomique financi\u00e8re et sociale n\u00e9cessaire pour lutter contre la pauvret\u00e9, financ\u00e9e \u00e0 70 millions de dollars par la Banque mondiale, avec l\u2019aide \u00e0 venir d\u2019autres partenaires techniques et financiers internationaux comme la Banque africaine de d\u00e9veloppement (Bad) et les Emirats arabes unis. Pour les femmes, 25 milliards de francs guin\u00e9ens ont \u00e9t\u00e9 r\u00e9unis pour le renforcement des capacit\u00e9s dans la cr\u00e9ation et le d\u00e9veloppement des activit\u00e9s g\u00e9n\u00e9ratrices d\u2019emplois. Un fonds de 150 milliards de francs guin\u00e9ens est destin\u00e9 \u00e0 favoriser la parit\u00e9 et enfin un autre de 300 milliards financera les activit\u00e9s de la jeunesse, la formation, la modernisation et la technologie. Les ressources internes seront \u00e9galement mises \u00e0 profit gr\u00e2ce aux efforts du Gouvernement pour l\u2019am\u00e9lioration du recouvrement fiscal qui devrait passer de 13 \u00e0 15% de notre produit int\u00e9rieur brut.<\/p>\n<p><strong>Guin\u00e9ennes, Guin\u00e9ens, mes chers compatriotes<\/strong><\/p>\n<p>Aujourd\u2019hui, nos pr\u00e9occupations concernent aussi la pr\u00e9servation de la paix sur le continent et dans notre r\u00e9gion, une priorit\u00e9 \u00e0 laquelle la R\u00e9publique guin\u00e9enne est depuis toujours tr\u00e8s attach\u00e9e. C\u2019est pourquoi, j\u2019exhorte chacun d\u2019entre nous \u00e0 \u0153uvrer pour la paix, face aux p\u00e9rils qui menacent notre stabilit\u00e9 et qui ont pour noms guerres, terrorisme, fondamentalisme et d\u00e9gradation du climat. Une bataille que m\u00e8ne aujourd\u2019hui notre vaillante arm\u00e9e nationale dans le pays fr\u00e8re et voisin du Mali o\u00f9 depuis plusieurs ann\u00e9es, nos soldats sont engag\u00e9s dans des op\u00e9rations de maintien et de pr\u00e9servation de la paix. Afin que l\u2019Afrique offre un espace de d\u00e9veloppement social \u00e0 ses populations et une chance \u00e0 tous ces jeunes africains tent\u00e9s de franchir mers et d\u00e9serts au p\u00e9ril de leur vie pour chercher en Europe ou ailleurs un avenir illusoire.<br \/>\nA l\u2019occasion de cette f\u00eate nationale, c\u2019est \u00e9galement le lieu d\u2019exprimer notre solidarit\u00e9 envers les anciens qui ont fait l\u2019histoire de notre pays, ainsi qu\u2019envers les populations les plus d\u00e9munies. Nos pens\u00e9es vont aussi \u00e0 nos op\u00e9rateurs \u00e9conomiques dont les activit\u00e9s ont \u00e9t\u00e9 r\u00e9duites \u00e0 cause de la Covid-19, aux personnels m\u00e9dicaux et soignants, aux forces de l\u2019ordre et aux fonctionnaires de l\u2019Etat en cette p\u00e9riode de pand\u00e9mie, \u00e0 nos compatriotes vivant \u00e0 l\u2019Etranger, qui sont une partie int\u00e9grante de notre capital humain. A ce message, j\u2019associe \u00e9galement, nos fr\u00e8res africains vivant parmi nous et qui sont sur une terre \u00e0 vocation panafricaine, comme le constate notre nouvelle Loi fondamentale. Ils sont les bienvenus, comme d\u2019autres citoyens venus d\u2019autres contr\u00e9es, pour devenir nos partenaires au d\u00e9veloppement.<\/p>\n<p>A l\u2019occasion de ce 62\u00e8me anniversaire de la R\u00e9publique guin\u00e9enne, il me pla\u00eet enfin de rappeler que malgr\u00e9 nos diff\u00e9rences, nos origines sociales, nos horizons politiques, nous devons tous avoir \u00e0 c\u0153ur la d\u00e9fense de notre maison commune : la R\u00e9publique de Guin\u00e9e.<\/p>\n<p>A vous tous, je souhaite une bonne f\u00eate de l\u2019ind\u00e9pendance<\/p>\n<p>Vive la R\u00e9publique de Guin\u00e9e, libre, prosp\u00e8re et fraternelle<\/p>\n<p>Que Dieu b\u00e9nisse notre pays.<\/p>\n<p><strong>Transmis par le Bureau de Presse de la Pr\u00e9sidence<\/strong><\/p>\n","protected":false},"excerpt":{"rendered":"<p>Guin\u00e9ennes, Guin\u00e9ens, Mes chers compatriotes de la Guin\u00e9e et de la diaspora Nous c\u00e9l\u00e9brons en ce jour, le soixante deuxi\u00e8me anniversaire de notre accession \u00e0 la souverainet\u00e9 internationale. Cette ind\u00e9pendance acquise le 2 octobre 1958, a \u00e9t\u00e9 un moment exaltant de l\u2019Histoire de la Guin\u00e9e, premier pays francophone \u00e0 se lib\u00e9rer de la tutelle coloniale. [&hellip;]<\/p>\n","protected":false},"author":2,"featured_media":20376,"comment_status":"open","ping_status":"closed","sticky":false,"template":"","format":"standard","meta":{"buzzeditor_post_format":"","footnotes":""},"categories":[42],"tags":[],"class_list":["post-20375","post","type-post","status-publish","format-standard","has-post-thumbnail","hentry","category-news"],"jetpack_featured_media_url":"https:\/\/guineechrono.com\/wp-content\/uploads\/2020\/10\/alpha-condee.jpg","amp_enabled":true,"_links":{"self":[{"href":"https:\/\/guineechrono.com\/index.php\/wp-json\/wp\/v2\/posts\/20375","targetHints":{"allow":["GET"]}}],"collection":[{"href":"https:\/\/guineechrono.com\/index.php\/wp-json\/wp\/v2\/posts"}],"about":[{"href":"https:\/\/guineechrono.com\/index.php\/wp-json\/wp\/v2\/types\/post"}],"author":[{"embeddable":true,"href":"https:\/\/guineechrono.com\/index.php\/wp-json\/wp\/v2\/users\/2"}],"replies":[{"embeddable":true,"href":"https:\/\/guineechrono.com\/index.php\/wp-json\/wp\/v2\/comments?post=20375"}],"version-history":[{"count":0,"href":"https:\/\/guineechrono.com\/index.php\/wp-json\/wp\/v2\/posts\/20375\/revisions"}],"wp:featuredmedia":[{"embeddable":true,"href":"https:\/\/guineechrono.com\/index.php\/wp-json\/wp\/v2\/media\/20376"}],"wp:attachment":[{"href":"https:\/\/guineechrono.com\/index.php\/wp-json\/wp\/v2\/media?parent=20375"}],"wp:term":[{"taxonomy":"category","embeddable":true,"href":"https:\/\/guineechrono.com\/index.php\/wp-json\/wp\/v2\/categories?post=20375"},{"taxonomy":"post_tag","embeddable":true,"href":"https:\/\/guineechrono.com\/index.php\/wp-json\/wp\/v2\/tags?post=20375"}],"curies":[{"name":"wp","href":"https:\/\/api.w.org\/{rel}","templated":true}]}}