{"id":20383,"date":"2020-10-03T07:02:33","date_gmt":"2020-10-03T06:02:33","guid":{"rendered":"https:\/\/guineechrono.com\/?p=20383"},"modified":"2020-10-03T07:02:33","modified_gmt":"2020-10-03T06:02:33","slug":"guinee-an-62-dindependance-faya-millimono-fustige-les-dix-ans-dalpha-conde","status":"publish","type":"post","link":"https:\/\/guineechrono.com\/index.php\/guinee-an-62-dindependance-faya-millimono-fustige-les-dix-ans-dalpha-conde\/","title":{"rendered":"Guin\u00e9e\/An 62 d\u2019ind\u00e9pendance: Faya Millimono fustige les dix ans d\u2019Alpha Cond\u00e9"},"content":{"rendered":"<p>Guin\u00e9ennes et Guin\u00e9ens,<\/p>\n<p>Chers compatriotes,<\/p>\n<p>Aujourd\u2019hui, 02 octobre 2020, marque le 62\u00e8me anniversaire de l\u2019accession de notre pays \u00e0 l\u2019ind\u00e9pendance politique. Cette date comm\u00e9morative nous donne l\u2019opportunit\u00e9 de revisiter\u00a0 notre pass\u00e9 sans complaisance ni g\u00eane.<\/p>\n<p>Malgr\u00e9 l\u2019espoir de r\u00e9demption politique, sociale et \u00e9conomique suite \u00e0 notre \u00ab NON \u00bb \u00e0 la coop\u00e9ration franco-africaine en 1958, notre pays\u00a0 a connu des difficult\u00e9s croissantes sous les r\u00e9gimes successifs : dans sa globalit\u00e9, le premier r\u00e9gime\u00a0 a \u00e9t\u00e9 un v\u00e9ritable cauchemar pour les Guin\u00e9ens. Il a \u00e9t\u00e9 fond\u00e9 sur la dictature, l\u2019injustice d\u2019Etat et les humiliations ; tous faits qui ont contraint nombre de nos compatriotes \u00e0 un exil parfois temporaire voire d\u00e9finitif. Malgr\u00e9 ce tableau tr\u00e8s sombre, on aura quand m\u00eame retenu de ce premier r\u00e9gime son implication tr\u00e8s honorable dans la d\u00e9colonisation du continent noir et sa capacit\u00e9 de r\u00e9sistance face \u00e0 la volont\u00e9 de d\u00e9stabilisation dont ont fait montre l\u2019ancien colonisateur et certains pays voisins. Pour avoir dirig\u00e9\u00a0notre pays pendant ces moments d\u2019adversit\u00e9, il faut rendre hommage au premier pr\u00e9sident de la Guin\u00e9e independante.<\/p>\n<p>Quant au\u00a0 deuxi\u00e8me r\u00e9gime, qui a pr\u00e9valu de 1984 \u00e0 2008, il a \u00e9t\u00e9 principalement caract\u00e9ris\u00e9 par le laxisme administratif, le libertinage \u00e9conomique ; une r\u00e9alit\u00e9 qui a accru la mis\u00e8re socio\u00e9conomique de la majorit\u00e9 des Guin\u00e9ens. Toutefois, la responsabilit\u00e9 de ces difficult\u00e9s a incomb\u00e9 largement \u00e0 l\u2019\u00e9lite guin\u00e9enne qui occupait les fonctions de hauts commis de l\u2019Etat. En effet, ces citoyens qui avaient la r\u00e9putation d\u2019\u00eatre des technocrates se sont livr\u00e9s \u00e0 la corruption et aux d\u00e9tournements ; bref \u00e0 toutes les formes d\u2019enrichissement illicites. C\u2019est pourquoi, vous me permettrez de rendre hommage au feu G\u00e9n\u00e9ral Lansana Cont\u00e9 qui, malgr\u00e9 certaines carences de son leadership, a fait montre de patriotisme et d\u2019attachement \u00e0 l\u2019unit\u00e9 nationale. Il avait pour leitmotive cette phrase \u00e0 l\u2019endroit de ses collaborateurs, notamment ceux qui assumaient des fonctions minist\u00e9rielles : \u00absi ce que vous me proposez est dans l\u2019int\u00e9r\u00eat de\u00a0 la Guin\u00e9e, alors faites-le \u00bb. On est port\u00e9 \u00e0 croire qu\u2019Il entendait ainsi dire \u00e0 ces cadres de servir inclusivement l\u2019int\u00e9r\u00eat sup\u00e9rieur de notre pays. Malheureusement, tel n\u2019a pas \u00e9t\u00e9 le cas au vu du bilan de 24 ans de gestion calamiteuse que ce r\u00e9gime a l\u00e9gu\u00e9 aux Guin\u00e9ens.<\/p>\n<p>Chers compatriotes,<\/p>\n<p>Actuellement, nous sommes confront\u00e9s au\u00a0 plus grand d\u00e9fi politique de notre histoire : la pratique de la parodie de\u00a0 \u00a0d\u00e9mocratie sous le r\u00e9gime du Pr\u00e9sident Alpha Cond\u00e9. Le caract\u00e8re potiche de cette soi-disant d\u00e9mocratie transparait dans l\u2019\u00e9touffement des libert\u00e9s, les irr\u00e9gularit\u00e9s qui caract\u00e9risent les diff\u00e9rentes\u00a0 \u00e9lections, la concentration des pouvoirs l\u00e9gislatif, ex\u00e9cutif et judiciaire dans les mains de Monsieur Alpha Cond\u00e9. Pire, le pervertissement\u00a0 de la d\u00e9mocratie s\u2019est empir\u00e9 par le biais du double scrutin tenus le 22 mars 2020, dans le dessein d\u2019octroyer un Troisi\u00e8me Mandat, voire m\u00eame une pr\u00e9sidence \u00e0 vie \u00e0 Monsieur Alpha Cond\u00e9. Ces man\u0153uvres de musellement de la presse et des libert\u00e9s individuelles et collectives, cette volonte de cristallisation des pouvoirs dans le sein de l\u2019ex\u00e9cutif, ce tripatouillage des \u00e9lections et la violation de la Constitution sont antinomiques \u00e0 l\u2019essence de la d\u00e9mocratie.<\/p>\n<p>En plus de son comportement antid\u00e9mocratique, le r\u00e9gime de Monsieur Alpha Cond\u00e9 s\u2019est rendu coupable de dilapidation des ressources mini\u00e8res du pays et de spoliation du syst\u00e8me \u00e9conomique. Il a institutionnalis\u00e9 la corruption \u00e0 un niveau sans pr\u00e9c\u00e9dent dans l\u2019histoire de notre pays. Les march\u00e9s d\u2019\u00e9tats sont pass\u00e9s de gr\u00e9-\u00e0-gr\u00e9, au m\u00e9pris des proc\u00e9dures de passation \u00e9dict\u00e9e en la mati\u00e8re. Le pr\u00e9sident et ses acolytes se servent \u00e0 partir du coffre public comme si c\u2019\u00e9tait leurs cagnottes personnelles. Le n\u00e9potisme est institutionnalis\u00e9 au d\u00e9triment de la comp\u00e9tence\u2026 Cons\u00e9quemment, une gabegie multidimensionnelle s\u2019institue de mani\u00e8re syst\u00e9mique \u00e0 tous les niveaux de\u00a0 l\u2019\u00c9tat. Les secteurs qui constituent les moteurs du d\u00e9veloppement socio\u00e9conomiques sont laiss\u00e9s dans un quasi-abandon : agriculture, \u00e9nergie, industrie, infrastructures routi\u00e8res et de communication.<\/p>\n<p>Sur le plan de la gestion du social, le r\u00e9gime s\u2019\u00e9vertue \u00e0 instrumentaliser la dynamique ethno-r\u00e9gionale afin de d\u00e9chirer davantage le tissu social. Pire, le r\u00e9gime se distingue particuli\u00e8rement par le pi\u00e9tinement des valeurs socioculturelles propres \u00e0 nos communaut\u00e9s. Sur sa commandite, les sages des quatre coordinations r\u00e9gionales sont s\u00e9questr\u00e9s et humili\u00e9s dans le domicile d\u2019Elhadj S\u00e9khouna Soumah, la plus haute autorit\u00e9 sociale de la Basse C\u00f4te !<\/p>\n<p>Chers compatriotes,<\/p>\n<p>L\u2019histoire retiendra que c\u2019est sous le r\u00e9gime de Monsieur Alpha Conde que l\u2019injure publique, jadis inimaginable, a \u00e9t\u00e9 \u00e9rig\u00e9e en valeur cardinale avec la complicit\u00e9 de tous l\u2019appareil judiciaire. L\u2019on se rappelle que dans la soci\u00e9t\u00e9 guin\u00e9enne traditionnelle, tr\u00e8s ancr\u00e9e dans la religion et dans les m\u0153urs, un p\u00e8re ou une m\u00e8re s\u2019interdisait d\u2019insulter son enfant devant une personne adulte, car l\u2019injure est destin\u00e9e \u00e0 celui qui l\u2019entend. Le grand exploit du r\u00e9gime de Monsieur Alpha Conde, dans la cr\u00e9ation d\u2019emplois, aura \u00e9t\u00e9 de nous l\u00e9guer la profession tr\u00e8s pris\u00e9e de \u00ab communicants \u00bb, bien gard\u00e9s par les \u00e9l\u00e9ments de notre vaillante arm\u00e9e, qui, en r\u00e9alit\u00e9, ne sont que des insulteurs publiques.<\/p>\n<p>Chers compatriotes,<\/p>\n<p>Ce 02 octobre 2020\u00a0 ne doit pas \u00eatre une occasion de c\u00e9l\u00e9bration festive. Il intervient dans\u00a0 un contexte d\u2019\u00e9lections pr\u00e9sidentielles dont l\u2019organisation n\u2019inspire aucune confiance\u00a0 \u00e0 cause de son caract\u00e8re quasi-opaque. Ces \u00e9lections, qui risquent de faire basculer notre pays dans une guerre civile, se font sans r\u00e9v\u00e9rencielle constitutionnelle commune et dans l\u2019ill\u00e9galit\u00e9 la plus parfaite. C\u2019est la raison pour laquelle\u00a0 nous devons plut\u00f4t nous mobiliser et nous rassembler pour sauver la Guin\u00e9e des griffes et crocs des antid\u00e9mocrates au pouvoir aujourd\u2019hui. C\u2019est pourquoi, au nom du Bloc Lib\u00e9ral, j\u2019exhorte d\u00e9mocrates et progressistes Guin\u00e9ens \u00e0 s\u2019allier au Front National pour la D\u00e9fense de la Constitution\u00a0 (FNDC) dans sa lutte contre\u00a0 Monsieur Alpha Cond\u00e9 et ses affid\u00e9s. C\u2019est ensemble, dans la dynamique de l\u2019unit\u00e9, que nous pourrons efficacement mettre un terme au r\u00e9gime totalitaire et tyrannique d\u2019Alpha Cond\u00e9. Nous avons\u00a0 la\u00a0 responsabilit\u00e9 historique et juridique ainsi que l\u2019obligation morale de sauver la Guin\u00e9e de la pseudo-d\u00e9mocratie et de ses retomb\u00e9es socio\u00e9conomiques n\u00e9fastes. A l\u2019instar de Platon qui a dit, je cite : <strong><em>\u00ab la pire des injustices est celle d\u00e9guis\u00e9e en justice \u00bb, je dirai : La pire des dictatures est celle d\u00e9guis\u00e9e en d\u00e9mocratie \u00bb.<\/em><\/strong><\/p>\n<p>Vive la R\u00e9publique de Guin\u00e9e<\/p>\n<p>Vive la d\u00e9mocratie<\/p>\n<p>Vive le Bloc Lib\u00e9ral<\/p>\n<p>Je vous remercie.<\/p>\n<p><strong>\u00a0<\/strong><\/p>\n","protected":false},"excerpt":{"rendered":"<p>Guin\u00e9ennes et Guin\u00e9ens, Chers compatriotes, Aujourd\u2019hui, 02 octobre 2020, marque le 62\u00e8me anniversaire de l\u2019accession de notre pays \u00e0 l\u2019ind\u00e9pendance politique. Cette date comm\u00e9morative nous donne l\u2019opportunit\u00e9 de revisiter\u00a0 notre pass\u00e9 sans complaisance ni g\u00eane. Malgr\u00e9 l\u2019espoir de r\u00e9demption politique, sociale et \u00e9conomique suite \u00e0 notre \u00ab NON \u00bb \u00e0 la coop\u00e9ration franco-africaine en 1958, [&hellip;]<\/p>\n","protected":false},"author":2,"featured_media":20384,"comment_status":"open","ping_status":"closed","sticky":false,"template":"","format":"standard","meta":{"buzzeditor_post_format":"","footnotes":""},"categories":[42],"tags":[],"class_list":["post-20383","post","type-post","status-publish","format-standard","has-post-thumbnail","hentry","category-news"],"jetpack_featured_media_url":"https:\/\/guineechrono.com\/wp-content\/uploads\/2020\/10\/faya3.png","amp_enabled":true,"_links":{"self":[{"href":"https:\/\/guineechrono.com\/index.php\/wp-json\/wp\/v2\/posts\/20383","targetHints":{"allow":["GET"]}}],"collection":[{"href":"https:\/\/guineechrono.com\/index.php\/wp-json\/wp\/v2\/posts"}],"about":[{"href":"https:\/\/guineechrono.com\/index.php\/wp-json\/wp\/v2\/types\/post"}],"author":[{"embeddable":true,"href":"https:\/\/guineechrono.com\/index.php\/wp-json\/wp\/v2\/users\/2"}],"replies":[{"embeddable":true,"href":"https:\/\/guineechrono.com\/index.php\/wp-json\/wp\/v2\/comments?post=20383"}],"version-history":[{"count":0,"href":"https:\/\/guineechrono.com\/index.php\/wp-json\/wp\/v2\/posts\/20383\/revisions"}],"wp:featuredmedia":[{"embeddable":true,"href":"https:\/\/guineechrono.com\/index.php\/wp-json\/wp\/v2\/media\/20384"}],"wp:attachment":[{"href":"https:\/\/guineechrono.com\/index.php\/wp-json\/wp\/v2\/media?parent=20383"}],"wp:term":[{"taxonomy":"category","embeddable":true,"href":"https:\/\/guineechrono.com\/index.php\/wp-json\/wp\/v2\/categories?post=20383"},{"taxonomy":"post_tag","embeddable":true,"href":"https:\/\/guineechrono.com\/index.php\/wp-json\/wp\/v2\/tags?post=20383"}],"curies":[{"name":"wp","href":"https:\/\/api.w.org\/{rel}","templated":true}]}}