{"id":20400,"date":"2020-10-05T15:28:49","date_gmt":"2020-10-05T14:28:49","guid":{"rendered":"https:\/\/guineechrono.com\/?p=20400"},"modified":"2020-10-05T15:28:49","modified_gmt":"2020-10-05T14:28:49","slug":"contre-3eme-mandat-gassama-diaby-annonce-le-lancement-dun-mouvement-citoyen","status":"publish","type":"post","link":"https:\/\/guineechrono.com\/index.php\/contre-3eme-mandat-gassama-diaby-annonce-le-lancement-dun-mouvement-citoyen\/","title":{"rendered":"Contre 3\u00e8me mandat : Gassama Diaby annonce le lancement d\u2019un  mouvement citoyen"},"content":{"rendered":"<p><strong>L\u2019ancien ministre de l\u2019unit\u00e9 nationale et de la citoyennet\u00e9, Kalifa Gassama Diaby va bient\u00f4t lancer un mouvement citoyen contre le 3<sup>\u00e8me<\/sup> mandat d\u2019Alpha Cond\u00e9, d\u00e9nomm\u00e9 \u2018\u2019mouvement pour la dignit\u00e9 et le respect du peuple\u2019\u2019. L\u2019annonce a \u00e9t\u00e9 faite ce lundi 05 octobre 2020 par lui-m\u00eame dans l\u2019\u00e9mission les \u2018\u2019GG\u2019\u2019 d\u2019Espace FM. <\/strong><\/p>\n<p>Selon Kalifa Gassama Diaby, ce mouvement est apolitique. \u00ab\u00a0Ce mouvement n\u2019est pas un mouvement politique. C\u2019est un mouvement citoyen absolument neutre comme je l\u2019ai toujours fait. Pas neutre moralement, mais neutre de fa\u00e7on structurelle. C\u2019est un mouvement qui appelle tous les patriotes guin\u00e9ens de quelque bord \u00a0qu\u2019ils soient, qui acceptent de placer la Guin\u00e9e au-dessus de leur int\u00e9r\u00eat personnel et particulier\u00a0\u00bb.<\/p>\n<p>Poursuivant son intervention, l\u2019ancien ministre du pr\u00e9sident Alpha Cond\u00e9 lance un message aux guin\u00e9ens. \u00ab\u00a0J\u2019appelle \u00e0 tous les Guin\u00e9ens de Conakry \u00e0 Yomou qu\u2019ils comprennent que l\u2019\u00e9lection est devenue un pi\u00e8ge dans ce pays. Quand on aura fini les \u00e9lections, les probl\u00e8mes qui \u00e9taient l\u00e0 hier, on les retrouvera dans le pays demain. Il faut que \u00e7a s\u2019arr\u00eate, stop aux \u00e9lections\u00a0\u00bb, lance-t-il.<\/p>\n<p>Par ailleurs, Gassama Diaby souhaite une nouvelle transition en R\u00e9publique de guin\u00e9e. \u00ab\u00a0Il faut une transition. Je le dis tr\u00e8s clairement, il faut que le chef de l\u2019Etat renonce \u00e0 \u00eatre candidat. Le pr\u00e9sident de la r\u00e9publique ne peut pas prendre la responsabilit\u00e9 d\u2019engager ce pays en direction de chao. Je ne peux pas l\u2019admettre. Il faut qu\u2019on respecte ce peuple. On ne peut pas accepter que des individus d\u00e9cident d\u2019engager le destin d\u2019un peuple parce qu\u2019on n\u2019a le pouvoir, la force, l\u2019argent. Ce n\u2019est pas acceptable. Trop c\u2019est trop\u00a0\u00bb, conclut Kalifa Gassama Diaby.<\/p>\n<p><strong>Salifou Bountou Camara <\/strong><\/p>\n","protected":false},"excerpt":{"rendered":"<p>L\u2019ancien ministre de l\u2019unit\u00e9 nationale et de la citoyennet\u00e9, Kalifa Gassama Diaby va bient\u00f4t lancer un mouvement citoyen contre le 3\u00e8me mandat d\u2019Alpha Cond\u00e9, d\u00e9nomm\u00e9 \u2018\u2019mouvement pour la dignit\u00e9 et le respect du peuple\u2019\u2019. L\u2019annonce a \u00e9t\u00e9 faite ce lundi 05 octobre 2020 par lui-m\u00eame dans l\u2019\u00e9mission les \u2018\u2019GG\u2019\u2019 d\u2019Espace FM. Selon Kalifa Gassama Diaby, [&hellip;]<\/p>\n","protected":false},"author":2,"featured_media":20401,"comment_status":"open","ping_status":"closed","sticky":false,"template":"","format":"standard","meta":{"buzzeditor_post_format":"","footnotes":""},"categories":[43],"tags":[],"class_list":["post-20400","post","type-post","status-publish","format-standard","has-post-thumbnail","hentry","category-politique"],"jetpack_featured_media_url":"https:\/\/guineechrono.com\/wp-content\/uploads\/2020\/10\/gassama.jpg","amp_enabled":true,"_links":{"self":[{"href":"https:\/\/guineechrono.com\/index.php\/wp-json\/wp\/v2\/posts\/20400","targetHints":{"allow":["GET"]}}],"collection":[{"href":"https:\/\/guineechrono.com\/index.php\/wp-json\/wp\/v2\/posts"}],"about":[{"href":"https:\/\/guineechrono.com\/index.php\/wp-json\/wp\/v2\/types\/post"}],"author":[{"embeddable":true,"href":"https:\/\/guineechrono.com\/index.php\/wp-json\/wp\/v2\/users\/2"}],"replies":[{"embeddable":true,"href":"https:\/\/guineechrono.com\/index.php\/wp-json\/wp\/v2\/comments?post=20400"}],"version-history":[{"count":0,"href":"https:\/\/guineechrono.com\/index.php\/wp-json\/wp\/v2\/posts\/20400\/revisions"}],"wp:featuredmedia":[{"embeddable":true,"href":"https:\/\/guineechrono.com\/index.php\/wp-json\/wp\/v2\/media\/20401"}],"wp:attachment":[{"href":"https:\/\/guineechrono.com\/index.php\/wp-json\/wp\/v2\/media?parent=20400"}],"wp:term":[{"taxonomy":"category","embeddable":true,"href":"https:\/\/guineechrono.com\/index.php\/wp-json\/wp\/v2\/categories?post=20400"},{"taxonomy":"post_tag","embeddable":true,"href":"https:\/\/guineechrono.com\/index.php\/wp-json\/wp\/v2\/tags?post=20400"}],"curies":[{"name":"wp","href":"https:\/\/api.w.org\/{rel}","templated":true}]}}