{"id":20408,"date":"2020-10-06T09:25:57","date_gmt":"2020-10-06T08:25:57","guid":{"rendered":"https:\/\/guineechrono.com\/?p=20408"},"modified":"2020-10-06T09:27:14","modified_gmt":"2020-10-06T08:27:14","slug":"mali-la-formation-dun-gouvernement-de-25-membres","status":"publish","type":"post","link":"https:\/\/guineechrono.com\/index.php\/mali-la-formation-dun-gouvernement-de-25-membres\/","title":{"rendered":"Mali : la formation d\u2019un nouveau  gouvernement de 25 membres"},"content":{"rendered":"<p><strong>Le pr\u00e9sident de transition au Mali, Bah Ndaw, a nomm\u00e9 un gouvernement de 25 membres selon un d\u00e9cret lu lundi \u00e0 la t\u00e9l\u00e9vision publique ORTM.<\/strong><\/p>\n<p>Les militaires obtiennent les postes cl\u00e9s dans ce gouvernement.<\/p>\n<p>Quatre minist\u00e8res strat\u00e9giques, la D\u00e9fense, la S\u00e9curit\u00e9, l&rsquo;Administration territoriale et la R\u00e9conciliation nationale sont confi\u00e9s \u00e0 des colonels.<\/p>\n<p>Le colonel Sadio Camara, un des dirigeants de la junte, devient ministre de la D\u00e9fense.<\/p>\n<p>Il a notamment \u00e9t\u00e9 directeur du Prytan\u00e9e militaire de Kati, en p\u00e9riph\u00e9rie de Bamako, o\u00f9 est situ\u00e9 le camp militaire d&rsquo;o\u00f9 est parti le coup d&rsquo;Etat.<\/p>\n<p>Le porte-parole de la junte, le colonel-major Isma\u00ebl Wagu\u00e9, qui avait annonc\u00e9 en pleine nuit \u00e0 la t\u00e9l\u00e9vision la prise du pouvoir par l&rsquo;arm\u00e9e, obtient le portefeuille de la R\u00e9conciliation nationale.<\/p>\n<p>Un autre chef de la junte, le colonel Modibo Kon\u00e9, d\u00e9croche le minist\u00e8re de la S\u00e9curit\u00e9 et de la Protection civile.<\/p>\n<p>Un autre militaire, le colonel Abdoulaye Ma\u00efga, prend la t\u00eate de l&rsquo;Administration territoriale.<\/p>\n<p>Parmi les minist\u00e8res r\u00e9galiens, l&rsquo;ancien procureur Mohamed Sidda Dicko est nomm\u00e9 \u00e0 la Justice et l&rsquo;ancien ambassadeur Ze\u00efni Moulaye aux Affaires \u00e9trang\u00e8res.<\/p>\n<p>Les groupes signataires de l&rsquo;accord de paix de 2015 sont \u00e9galement repr\u00e9sent\u00e9s dans ce gouvernement de transition.<\/p>\n<p>L&rsquo;ex-r\u00e9bellion \u00e0 dominante touareg du Nord s&rsquo;adjuge l&rsquo;Agriculture et la P\u00eache, ainsi que la Jeunesse et les Sports, et les groupes arm\u00e9s pro-Bamako les minist\u00e8res des Maliens de l&rsquo;Ext\u00e9rieur et du Travail, et la fonction de porte-parole du gouvernement.<\/p>\n<p>Le mouvement qui a men\u00e9 dans la rue la contestation contre le pr\u00e9sident d\u00e9chu et revendiquait dans la transition une place \u00e9gale \u00e0 celle des militaires devra se contenter de trois portefeuilles.<\/p>\n<p>La d\u00e9signation de ce gouvernement dirig\u00e9 par Moctar Ouane, un diplomate de carri\u00e8re, marque une nouvelle \u00e9tape dans le processus visant le transfert du pouvoir \u00e0 des civils \u00e0 l&rsquo;issue d&rsquo;\u00e9lections apr\u00e8s 18 mois de transition.<\/p>\n<p><strong>Bbcafrique.com <\/strong><\/p>\n","protected":false},"excerpt":{"rendered":"<p>Le pr\u00e9sident de transition au Mali, Bah Ndaw, a nomm\u00e9 un gouvernement de 25 membres selon un d\u00e9cret lu lundi \u00e0 la t\u00e9l\u00e9vision publique ORTM. Les militaires obtiennent les postes cl\u00e9s dans ce gouvernement. Quatre minist\u00e8res strat\u00e9giques, la D\u00e9fense, la S\u00e9curit\u00e9, l&rsquo;Administration territoriale et la R\u00e9conciliation nationale sont confi\u00e9s \u00e0 des colonels. Le colonel Sadio [&hellip;]<\/p>\n","protected":false},"author":2,"featured_media":20409,"comment_status":"open","ping_status":"closed","sticky":false,"template":"","format":"standard","meta":{"buzzeditor_post_format":"","footnotes":""},"categories":[43],"tags":[],"class_list":["post-20408","post","type-post","status-publish","format-standard","has-post-thumbnail","hentry","category-politique"],"jetpack_featured_media_url":"https:\/\/guineechrono.com\/wp-content\/uploads\/2020\/10\/maliie.jpg","amp_enabled":true,"_links":{"self":[{"href":"https:\/\/guineechrono.com\/index.php\/wp-json\/wp\/v2\/posts\/20408","targetHints":{"allow":["GET"]}}],"collection":[{"href":"https:\/\/guineechrono.com\/index.php\/wp-json\/wp\/v2\/posts"}],"about":[{"href":"https:\/\/guineechrono.com\/index.php\/wp-json\/wp\/v2\/types\/post"}],"author":[{"embeddable":true,"href":"https:\/\/guineechrono.com\/index.php\/wp-json\/wp\/v2\/users\/2"}],"replies":[{"embeddable":true,"href":"https:\/\/guineechrono.com\/index.php\/wp-json\/wp\/v2\/comments?post=20408"}],"version-history":[{"count":0,"href":"https:\/\/guineechrono.com\/index.php\/wp-json\/wp\/v2\/posts\/20408\/revisions"}],"wp:featuredmedia":[{"embeddable":true,"href":"https:\/\/guineechrono.com\/index.php\/wp-json\/wp\/v2\/media\/20409"}],"wp:attachment":[{"href":"https:\/\/guineechrono.com\/index.php\/wp-json\/wp\/v2\/media?parent=20408"}],"wp:term":[{"taxonomy":"category","embeddable":true,"href":"https:\/\/guineechrono.com\/index.php\/wp-json\/wp\/v2\/categories?post=20408"},{"taxonomy":"post_tag","embeddable":true,"href":"https:\/\/guineechrono.com\/index.php\/wp-json\/wp\/v2\/tags?post=20408"}],"curies":[{"name":"wp","href":"https:\/\/api.w.org\/{rel}","templated":true}]}}