{"id":20501,"date":"2020-10-09T20:38:27","date_gmt":"2020-10-09T19:38:27","guid":{"rendered":"https:\/\/guineechrono.com\/?p=20501"},"modified":"2020-10-09T20:38:27","modified_gmt":"2020-10-09T19:38:27","slug":"forecariah-lacces-des-menages-a-lenergie-solaire-lance-par-le-premier-ministre","status":"publish","type":"post","link":"https:\/\/guineechrono.com\/index.php\/forecariah-lacces-des-menages-a-lenergie-solaire-lance-par-le-premier-ministre\/","title":{"rendered":"For\u00e9cariah : L\u2019acc\u00e8s des m\u00e9nages \u00e0 l\u2019\u00e9nergie solaire lanc\u00e9 par le Premier ministre"},"content":{"rendered":"<p>ET D\u2019UN, L\u2019\u00c9NERGIE SOLAIRE POUR LES MOINS NANTIS ! C\u2019EST LA VERSION POINT Z\u00c9RO D\u2019UN VASTE ET AMBITIEUX PROGRAMME D\u2019\u00c9LECTRIFICATION QUI COMMENCE MAIS AUSSI LE POINT DE D\u00c9PART DE LA VULGARISATION DES \u00c9NERGIES RENOUVELABLES EN GUIN\u00c9E. LE PREMIER MINISTRE A DONN\u00c9 LE COUP D\u2019ENVOI. COMPTE-RENDU.<\/p>\n<p>Ce jeudi 8 octobre 2020, le programme d\u2019acc\u00e8s \u00e0 l\u2019\u00e9nergie destin\u00e9 aux m\u00e9nages les plus d\u00e9munis a \u00e9t\u00e9 lanc\u00e9 par\u00a0<a href=\"http:\/\/kakilambe.com\/wp-content\/uploads\/2020\/10\/image13.jpeg\"><img fetchpriority=\"high\" decoding=\"async\" class=\"wp-image-2595 size-medium alignleft td-animation-stack-type0-2\" src=\"http:\/\/kakilambe.com\/wp-content\/uploads\/2020\/10\/image13-225x300.jpeg\" alt=\"\" width=\"225\" height=\"300\" \/><\/a>l\u2019ANIES (l\u2019agence nationale d\u2019inclusion \u00e9conomique et sociale. Cette c\u00e9r\u00e9monie de lancement a \u00e9t\u00e9 pr\u00e9sid\u00e9e par le Premier ministre, le Dr Ibrahima Kassory Fofana.<\/p>\n<p>Le maire de Kaback, apr\u00e8s avoir souhait\u00e9 la bienvenue \u00e0 la d\u00e9l\u00e9gation premier-minist\u00e9rielle, n\u2019a pas manqu\u00e9 de souligner que les r\u00e9gimes politiques pr\u00e9c\u00e9dents ont laiss\u00e9 en rade sa collectivit\u00e9. \u00ab\u00a0Aucun r\u00e9gime pass\u00e9 n\u2019a pens\u00e9 \u00e0 Kaback mais avec Alpha Cond\u00e9, Kaback a de l\u2019espoir\u00a0 \u00e0 travers l\u2019ANIES et l\u2019ANAFIC aussi qui a offert une maison des jeunes et une maison \u00e0 la mairie\u00a0\u00bb, dira le maire.<\/p>\n<p>Quant au patriarche de Matakan, Karamo Ibrahima Camara, il a remerci\u00e9 l\u2019ANIES qui s\u2019active pour sortir cette localit\u00e9 de la mis\u00e8re.<\/p>\n<p>\u00ab\u00a0Nous remercions l\u2019ANIES pour cette surprise. Car personne dans ce village ne s\u2019attendait \u00e0 \u00e7a et personne dans ce<a href=\"http:\/\/kakilambe.com\/wp-content\/uploads\/2020\/10\/image1-2.jpeg\"><img decoding=\"async\" class=\"wp-image-2580 alignright td-animation-stack-type0-2\" src=\"http:\/\/kakilambe.com\/wp-content\/uploads\/2020\/10\/image1-2-300x225.jpeg\" alt=\"\" width=\"239\" height=\"179\" \/><\/a>\u00a0village n\u2019a pay\u00e9 un centime pour r\u00e9aliser ce projet\u00a0\u00bb, rassure le doyen.<\/p>\n<p>Le Premier ministre, apr\u00e8s avoir recueilli des salamalecs d\u2019usage et les b\u00e9n\u00e9dictions de la part des habitants de la contr\u00e9e, a tenu un discours rassurant quant \u00e0 l\u2019engagement de son gouvernement \u00e0 tirer les populations de tout le pays de l\u2019extr\u00eame pauvret\u00e9.<\/p>\n<p>Pour Kassory Fofana, l\u2019identification des personnes les plus vuln\u00e9rables a commenc\u00e9. Il faut pr\u00e9ciser que les m\u00e9nages cibl\u00e9s par l\u2019ANIES b\u00e9n\u00e9ficieront de 250 mille GNF par mois. Selon lui, le gouvernement a fait beaucoup d\u2019efforts dans le d\u00e9veloppement socio-\u00e9conomique. Mais, d\u00e9plore-t-il, ces efforts ne sont pas vus car la population vit dans la pauvret\u00e9. C\u2019est pourquoi,\u00a0<a href=\"http:\/\/kakilambe.com\/wp-content\/uploads\/2020\/10\/image12.jpeg\"><img decoding=\"async\" class=\"size-medium wp-image-2581 alignleft td-animation-stack-type0-2\" src=\"http:\/\/kakilambe.com\/wp-content\/uploads\/2020\/10\/image12-300x225.jpeg\" alt=\"\" width=\"300\" height=\"225\" \/><\/a>soutient-il, l\u2019Etat a mis en place l\u2019ANIES en vue de partager la prosp\u00e9rit\u00e9 cr\u00e9\u00e9e par l\u2019Etat.<\/p>\n<p>Sur la m\u00eame lanc\u00e9e, le Premier ministre soutiendra que de nos jours, le transfert mon\u00e9taire a touch\u00e9 pr\u00e8s de 250 000 m\u00e9nage gr\u00e2ce \u00e0 la gouvernance du Pr Alpha Cond\u00e9. Donc d\u2019ici 2025, affirme le chef du gouvernement, 40% des Guin\u00e9ens b\u00e9n\u00e9ficieront du projet de l\u2019ANIES, le plus grand projet de transfert mon\u00e9taire en Afrique.<\/p>\n<p>Poursuivant son intervention, le Premier ministre a remerci\u00e9 aussi les partenaires de l\u2019ANIES comme la Banque Africaine de d\u00e9veloppement, etc. Il s\u2019est engag\u00e9 au nom du Pr\u00e9sident de la R\u00e9publique \u00e0 fournir de l\u2019\u00e9lectricit\u00e9 solaire \u00e0 tous les villages de Guin\u00e9e r\u00e9f\u00e9renc\u00e9s dans le portefeuille de l\u2019ANIES d\u2019ici 2030.<\/p>\n<p>Une perspective qui cr\u00e9era beaucoup d\u2019opportunit\u00e9s nouvelles ayant pour but de d\u00e9velopper des activit\u00e9s g\u00e9n\u00e9ratrices de revenus.<\/p>\n<div id=\"gallery-1\" class=\"gallery galleryid-2577 gallery-columns-3 gallery-size-medium\">\n<figure class=\"gallery-item\">\n<div class=\"gallery-icon landscape\"><a href=\"http:\/\/kakilambe.com\/forecariah-lacces-des-menages-a-lenergie-solaire-lance-par-le-premier-ministre\/image0-3\/\"><img loading=\"lazy\" decoding=\"async\" class=\"attachment-medium size-medium td-animation-stack-type0-2\" src=\"http:\/\/kakilambe.com\/wp-content\/uploads\/2020\/10\/image0-2-300x225.jpeg\" alt=\"\" width=\"300\" height=\"225\" \/><\/a><\/div>\n<\/figure>\n<figure class=\"gallery-item\">\n<div class=\"gallery-icon landscape\"><a href=\"http:\/\/kakilambe.com\/forecariah-lacces-des-menages-a-lenergie-solaire-lance-par-le-premier-ministre\/image1-4\/\"><img loading=\"lazy\" decoding=\"async\" class=\"attachment-medium size-medium td-animation-stack-type0-2\" src=\"http:\/\/kakilambe.com\/wp-content\/uploads\/2020\/10\/image1-3-300x225.jpeg\" alt=\"\" width=\"300\" height=\"225\" \/><\/a><\/div>\n<\/figure>\n<figure class=\"gallery-item\">\n<div class=\"gallery-icon landscape\"><a href=\"http:\/\/kakilambe.com\/forecariah-lacces-des-menages-a-lenergie-solaire-lance-par-le-premier-ministre\/image2-5\/\"><img loading=\"lazy\" decoding=\"async\" class=\"attachment-medium size-medium td-animation-stack-type0-2\" src=\"http:\/\/kakilambe.com\/wp-content\/uploads\/2020\/10\/image2-3-300x225.jpeg\" alt=\"\" width=\"300\" height=\"225\" \/><\/a><\/div>\n<\/figure>\n<figure class=\"gallery-item\">\n<div class=\"gallery-icon landscape\"><a href=\"http:\/\/kakilambe.com\/forecariah-lacces-des-menages-a-lenergie-solaire-lance-par-le-premier-ministre\/image3-4\/\"><img loading=\"lazy\" decoding=\"async\" class=\"attachment-medium size-medium td-animation-stack-type0-2\" src=\"http:\/\/kakilambe.com\/wp-content\/uploads\/2020\/10\/image3-3-300x225.jpeg\" alt=\"\" width=\"300\" height=\"225\" \/><\/a><\/div>\n<\/figure>\n<figure class=\"gallery-item\">\n<div class=\"gallery-icon landscape\"><a href=\"http:\/\/kakilambe.com\/forecariah-lacces-des-menages-a-lenergie-solaire-lance-par-le-premier-ministre\/image4-4\/\"><img loading=\"lazy\" decoding=\"async\" class=\"attachment-medium size-medium td-animation-stack-type0-2\" src=\"http:\/\/kakilambe.com\/wp-content\/uploads\/2020\/10\/image4-3-300x225.jpeg\" alt=\"\" width=\"300\" height=\"225\" \/><\/a><\/div>\n<\/figure>\n<figure class=\"gallery-item\">\n<div class=\"gallery-icon portrait\"><a href=\"http:\/\/kakilambe.com\/forecariah-lacces-des-menages-a-lenergie-solaire-lance-par-le-premier-ministre\/image5-2\/\"><img loading=\"lazy\" decoding=\"async\" class=\"attachment-medium size-medium td-animation-stack-type0-2\" src=\"http:\/\/kakilambe.com\/wp-content\/uploads\/2020\/10\/image5-1-225x300.jpeg\" alt=\"\" width=\"225\" height=\"300\" \/><\/a><\/div>\n<\/figure>\n<figure class=\"gallery-item\">\n<div class=\"gallery-icon landscape\"><a href=\"http:\/\/kakilambe.com\/forecariah-lacces-des-menages-a-lenergie-solaire-lance-par-le-premier-ministre\/image6\/\"><img loading=\"lazy\" decoding=\"async\" class=\"attachment-medium size-medium td-animation-stack-type0-2\" src=\"http:\/\/kakilambe.com\/wp-content\/uploads\/2020\/10\/image6-300x225.jpeg\" alt=\"\" width=\"300\" height=\"225\" \/><\/a><\/div>\n<\/figure>\n<figure class=\"gallery-item\">\n<div class=\"gallery-icon portrait\"><a href=\"http:\/\/kakilambe.com\/forecariah-lacces-des-menages-a-lenergie-solaire-lance-par-le-premier-ministre\/image7-2\/\"><img loading=\"lazy\" decoding=\"async\" class=\"attachment-medium size-medium td-animation-stack-type0-2\" src=\"http:\/\/kakilambe.com\/wp-content\/uploads\/2020\/10\/image7-1-225x300.jpeg\" alt=\"\" width=\"225\" height=\"300\" \/><\/a><\/div>\n<\/figure>\n<figure class=\"gallery-item\">\n<div class=\"gallery-icon portrait\"><a href=\"http:\/\/kakilambe.com\/forecariah-lacces-des-menages-a-lenergie-solaire-lance-par-le-premier-ministre\/image8\/\"><img loading=\"lazy\" decoding=\"async\" class=\"attachment-medium size-medium td-animation-stack-type0-2\" src=\"http:\/\/kakilambe.com\/wp-content\/uploads\/2020\/10\/image8-225x300.jpeg\" alt=\"\" width=\"225\" height=\"300\" \/><\/a><\/div>\n<\/figure>\n<figure class=\"gallery-item\">\n<div class=\"gallery-icon portrait\"><a href=\"http:\/\/kakilambe.com\/forecariah-lacces-des-menages-a-lenergie-solaire-lance-par-le-premier-ministre\/image9\/\"><img loading=\"lazy\" decoding=\"async\" class=\"attachment-medium size-medium td-animation-stack-type0-2\" src=\"http:\/\/kakilambe.com\/wp-content\/uploads\/2020\/10\/image9-225x300.jpeg\" alt=\"\" width=\"225\" height=\"300\" \/><\/a><\/div>\n<\/figure>\n<figure class=\"gallery-item\">\n<div class=\"gallery-icon landscape\"><a href=\"http:\/\/kakilambe.com\/forecariah-lacces-des-menages-a-lenergie-solaire-lance-par-le-premier-ministre\/image10\/\"><img loading=\"lazy\" decoding=\"async\" class=\"attachment-medium size-medium td-animation-stack-type0-2\" src=\"http:\/\/kakilambe.com\/wp-content\/uploads\/2020\/10\/image10-300x225.jpeg\" alt=\"\" width=\"300\" height=\"225\" \/><\/a><\/div>\n<\/figure>\n<figure class=\"gallery-item\">\n<div class=\"gallery-icon portrait\"><a href=\"http:\/\/kakilambe.com\/forecariah-lacces-des-menages-a-lenergie-solaire-lance-par-le-premier-ministre\/image11\/\"><img loading=\"lazy\" decoding=\"async\" class=\"attachment-medium size-medium td-animation-stack-type0-2\" src=\"http:\/\/kakilambe.com\/wp-content\/uploads\/2020\/10\/image11-225x300.jpeg\" alt=\"\" width=\"225\" height=\"300\" \/><\/a><\/div>\n<\/figure>\n<figure class=\"gallery-item\">\n<div class=\"gallery-icon landscape\"><a href=\"http:\/\/kakilambe.com\/forecariah-lacces-des-menages-a-lenergie-solaire-lance-par-le-premier-ministre\/image12-2\/\"><img loading=\"lazy\" decoding=\"async\" class=\"attachment-medium size-medium td-animation-stack-type0-2\" src=\"http:\/\/kakilambe.com\/wp-content\/uploads\/2020\/10\/image12-1-300x225.jpeg\" alt=\"\" width=\"300\" height=\"225\" \/><\/a><\/div>\n<\/figure>\n<figure class=\"gallery-item\">\n<div class=\"gallery-icon portrait\"><a href=\"http:\/\/kakilambe.com\/forecariah-lacces-des-menages-a-lenergie-solaire-lance-par-le-premier-ministre\/image13\/\"><img loading=\"lazy\" decoding=\"async\" class=\"attachment-medium size-medium td-animation-stack-type0-2\" src=\"http:\/\/kakilambe.com\/wp-content\/uploads\/2020\/10\/image13-225x300.jpeg\" alt=\"\" width=\"225\" height=\"300\" \/><\/a><\/div>\n<\/figure>\n<figure class=\"gallery-item\">\n<div class=\"gallery-icon landscape\"><a href=\"http:\/\/kakilambe.com\/forecariah-lacces-des-menages-a-lenergie-solaire-lance-par-le-premier-ministre\/image14-2\/\"><img loading=\"lazy\" decoding=\"async\" class=\"attachment-medium size-medium td-animation-stack-type0-2\" src=\"http:\/\/kakilambe.com\/wp-content\/uploads\/2020\/10\/image14-1-300x225.jpeg\" alt=\"\" width=\"300\" height=\"225\" \/><\/a><\/div>\n<\/figure>\n<figure class=\"gallery-item\">\n<div class=\"gallery-icon portrait\"><a href=\"http:\/\/kakilambe.com\/forecariah-lacces-des-menages-a-lenergie-solaire-lance-par-le-premier-ministre\/image15\/\"><img loading=\"lazy\" decoding=\"async\" class=\"attachment-medium size-medium td-animation-stack-type0-2\" src=\"http:\/\/kakilambe.com\/wp-content\/uploads\/2020\/10\/image15-225x300.jpeg\" alt=\"\" width=\"225\" height=\"300\" \/><\/a><\/div>\n<\/figure>\n<figure class=\"gallery-item\">\n<div class=\"gallery-icon landscape\"><a href=\"http:\/\/kakilambe.com\/forecariah-lacces-des-menages-a-lenergie-solaire-lance-par-le-premier-ministre\/image16\/\"><img loading=\"lazy\" decoding=\"async\" class=\"attachment-medium size-medium td-animation-stack-type0-2\" src=\"http:\/\/kakilambe.com\/wp-content\/uploads\/2020\/10\/image16-300x225.jpeg\" alt=\"\" width=\"300\" height=\"225\" \/><\/a><\/div>\n<\/figure>\n<figure class=\"gallery-item\">\n<div class=\"gallery-icon landscape\"><a href=\"http:\/\/kakilambe.com\/forecariah-lacces-des-menages-a-lenergie-solaire-lance-par-le-premier-ministre\/image17\/\"><img loading=\"lazy\" decoding=\"async\" class=\"attachment-medium size-medium td-animation-stack-type0-2\" src=\"http:\/\/kakilambe.com\/wp-content\/uploads\/2020\/10\/image17-300x225.jpeg\" alt=\"\" width=\"300\" height=\"225\" \/><\/a><\/div>\n<\/figure>\n<figure class=\"gallery-item\">\n<div class=\"gallery-icon portrait\"><a href=\"http:\/\/kakilambe.com\/forecariah-lacces-des-menages-a-lenergie-solaire-lance-par-le-premier-ministre\/image18\/\"><img loading=\"lazy\" decoding=\"async\" class=\"attachment-medium size-medium td-animation-stack-type0-2\" src=\"http:\/\/kakilambe.com\/wp-content\/uploads\/2020\/10\/image18-225x300.jpeg\" alt=\"\" width=\"225\" height=\"300\" \/><\/a><\/div>\n<\/figure>\n<\/div>\n","protected":false},"excerpt":{"rendered":"<p>ET D\u2019UN, L\u2019\u00c9NERGIE SOLAIRE POUR LES MOINS NANTIS ! C\u2019EST LA VERSION POINT Z\u00c9RO D\u2019UN VASTE ET AMBITIEUX PROGRAMME D\u2019\u00c9LECTRIFICATION QUI COMMENCE MAIS AUSSI LE POINT DE D\u00c9PART DE LA VULGARISATION DES \u00c9NERGIES RENOUVELABLES EN GUIN\u00c9E. LE PREMIER MINISTRE A DONN\u00c9 LE COUP D\u2019ENVOI. COMPTE-RENDU. Ce jeudi 8 octobre 2020, le programme d\u2019acc\u00e8s \u00e0 l\u2019\u00e9nergie [&hellip;]<\/p>\n","protected":false},"author":2,"featured_media":20502,"comment_status":"open","ping_status":"closed","sticky":false,"template":"","format":"standard","meta":{"buzzeditor_post_format":"","footnotes":""},"categories":[2,42,43],"tags":[],"class_list":["post-20501","post","type-post","status-publish","format-standard","has-post-thumbnail","hentry","category-featured","category-news","category-politique"],"jetpack_featured_media_url":"https:\/\/guineechrono.com\/wp-content\/uploads\/2020\/10\/image14-1-678x381-1.jpeg","amp_enabled":true,"_links":{"self":[{"href":"https:\/\/guineechrono.com\/index.php\/wp-json\/wp\/v2\/posts\/20501","targetHints":{"allow":["GET"]}}],"collection":[{"href":"https:\/\/guineechrono.com\/index.php\/wp-json\/wp\/v2\/posts"}],"about":[{"href":"https:\/\/guineechrono.com\/index.php\/wp-json\/wp\/v2\/types\/post"}],"author":[{"embeddable":true,"href":"https:\/\/guineechrono.com\/index.php\/wp-json\/wp\/v2\/users\/2"}],"replies":[{"embeddable":true,"href":"https:\/\/guineechrono.com\/index.php\/wp-json\/wp\/v2\/comments?post=20501"}],"version-history":[{"count":0,"href":"https:\/\/guineechrono.com\/index.php\/wp-json\/wp\/v2\/posts\/20501\/revisions"}],"wp:featuredmedia":[{"embeddable":true,"href":"https:\/\/guineechrono.com\/index.php\/wp-json\/wp\/v2\/media\/20502"}],"wp:attachment":[{"href":"https:\/\/guineechrono.com\/index.php\/wp-json\/wp\/v2\/media?parent=20501"}],"wp:term":[{"taxonomy":"category","embeddable":true,"href":"https:\/\/guineechrono.com\/index.php\/wp-json\/wp\/v2\/categories?post=20501"},{"taxonomy":"post_tag","embeddable":true,"href":"https:\/\/guineechrono.com\/index.php\/wp-json\/wp\/v2\/tags?post=20501"}],"curies":[{"name":"wp","href":"https:\/\/api.w.org\/{rel}","templated":true}]}}