{"id":20630,"date":"2020-10-16T19:00:20","date_gmt":"2020-10-16T18:00:20","guid":{"rendered":"https:\/\/guineechrono.com\/?p=20630"},"modified":"2020-10-16T19:00:20","modified_gmt":"2020-10-16T18:00:20","slug":"lutte-contre-les-violences-electorales-la-coalition-des-jeunes-leaders-de-ratoma-pour-la-paix-sensibilise","status":"publish","type":"post","link":"https:\/\/guineechrono.com\/index.php\/lutte-contre-les-violences-electorales-la-coalition-des-jeunes-leaders-de-ratoma-pour-la-paix-sensibilise\/","title":{"rendered":"Lutte contre les violences \u00e9lectorales : la coalition des jeunes leaders de Ratoma pour la paix sensibilise"},"content":{"rendered":"<p><strong>Pour promouvoir la paix et la quietude sociale, la coalition des jeunes leaders de Ratoma pour la paix a organis\u00e9 un grand meeting de sensibilisation \u00e0 la maison des jeunes de Ratoma. Cette fusion et l\u2019initiative que la coordinatrice Mme Sylla Adama a mis en place, est symbole de la paix et du vivre-ensemble avant, pendant et apr\u00e8s les \u00e9lections. D\u2019o\u00f9 l\u2019engagement \u00e0 \u0153uvrer et s\u2019employer \u00e0 cet effet.<\/strong><\/p>\n<p><a href=\"http:\/\/oeildupeuple.info\/wp-content\/uploads\/2020\/10\/received_382472992881637-1.jpeg\"><img decoding=\"async\" class=\"size-medium wp-image-1507 alignright td-animation-stack-type0-2\" src=\"http:\/\/oeildupeuple.info\/wp-content\/uploads\/2020\/10\/received_382472992881637-1-300x135.jpeg\" sizes=\"(max-width: 300px) 100vw, 300px\" srcset=\"http:\/\/oeildupeuple.info\/wp-content\/uploads\/2020\/10\/received_382472992881637-1-300x135.jpeg 300w, http:\/\/oeildupeuple.info\/wp-content\/uploads\/2020\/10\/received_382472992881637-1-768x346.jpeg 768w, http:\/\/oeildupeuple.info\/wp-content\/uploads\/2020\/10\/received_382472992881637-1-696x314.jpeg 696w, http:\/\/oeildupeuple.info\/wp-content\/uploads\/2020\/10\/received_382472992881637-1-750x338.jpeg 750w, http:\/\/oeildupeuple.info\/wp-content\/uploads\/2020\/10\/received_382472992881637-1.jpeg 910w\" alt=\"\" \/><\/a>Dans son discours de circonstance, Mme Sylla Adama a tenue \u00e0 rappeler ceci: \u00ab\u00a0avant cet \u00e9v\u00e9nement nous avons d\u2019abord\u00a0 eu \u00e0 travailler sur le terrain. Nous avons fait des sensibilisation de porte \u00e0 porte dans tous les quartiers de la commune de Ratoma afin de pr\u00f4ner la paix et coh\u00e9sion sociale entre nous les citoyens de la commune de Ratoma\u00a0\u00bb.<\/p>\n<p>Parlant de cette c\u00e9r\u00e9monie, elle dira ceci: \u00a0\u00bb Nous avons\u00a0 organis\u00e9 cette rencontre pour la paix et la qui\u00e9tude sociale sur l\u2019axe surtout dans la commune de Ratoma. Donc c\u2019est un plaisir pour moi aujourd\u2019hui de voir ce beau monde qui est l\u00e0. Tous les\u00a0 jeunes leaders de l\u2019axe m\u2019ont accompagn\u00e9 dans ce projet . Alors\u00a0 je suis tr\u00e8s contente et je pense que le message\u00a0 v\u00e9hiculer ici sont bien tomber dans\u00a0 les bonnes oreilles\u00a0\u00bb, a-t-elle dit.<\/p>\n<p><a href=\"http:\/\/oeildupeuple.info\/wp-content\/uploads\/2020\/10\/Ratoma-1.jpg\"><img decoding=\"async\" class=\"size-medium wp-image-1508 alignleft td-animation-stack-type0-2\" src=\"http:\/\/oeildupeuple.info\/wp-content\/uploads\/2020\/10\/Ratoma-1-300x190.jpg\" sizes=\"(max-width: 300px) 100vw, 300px\" srcset=\"http:\/\/oeildupeuple.info\/wp-content\/uploads\/2020\/10\/Ratoma-1-300x190.jpg 300w, http:\/\/oeildupeuple.info\/wp-content\/uploads\/2020\/10\/Ratoma-1-696x440.jpg 696w, http:\/\/oeildupeuple.info\/wp-content\/uploads\/2020\/10\/Ratoma-1-664x420.jpg 664w, http:\/\/oeildupeuple.info\/wp-content\/uploads\/2020\/10\/Ratoma-1.jpg 700w\" alt=\"\" \/><\/a>\u00ab\u00a0L\u2019organisation de ce meeting r\u00e9sulte d\u2019un constat g\u00e9n\u00e9ral, du fait que chez nous, les \u00e9lections, quelle que soit la forme, enregistrent de la violence sous multiples formes, telles que les violences verbales, physiques, psychologiques, structurelles, etc. C\u2019est dans ce cadre et surtout le manque de fair-play d\u00e9mocratique existant, que la coalition des jeunes leaders de Ratoma pour la paix entend conscientiser les jeunes pour pr\u00e9venir la violence et \u0153uvrer pour des \u00e9lections apais\u00e9es et d\u00e9mocratiques, sachant qu\u2019ils sont la cible des hommes politiques pour la violence en p\u00e9riode \u00e9lectorale. (\u2026). La coalition des jeunes leaders de Ratoma pour la paix est r\u00e9solument engag\u00e9e \u00e0 poursuivre ses activit\u00e9s au nom de la paix, de la non-violence avant, pendant et apr\u00e8s les \u00e9lections du 18 octobre prochain\u00a0\u00bb, a exprim\u00e9 Souar\u00e9ba Diaoun\u00e9, porte-voix des jeunes.<\/p>\n<p>Parrain et soutien de ces jeunes, Bakary Diaby estime que le message v\u00e9hicul\u00e9 depuis le lancement de ce projet, est entendu par les citoyens cibles.<\/p>\n<p><a href=\"http:\/\/oeildupeuple.info\/wp-content\/uploads\/2020\/10\/received_628085451219890-1.jpeg\"><img decoding=\"async\" class=\"size-medium wp-image-1509 alignleft td-animation-stack-type0-2\" src=\"http:\/\/oeildupeuple.info\/wp-content\/uploads\/2020\/10\/received_628085451219890-1-300x225.jpeg\" sizes=\"(max-width: 300px) 100vw, 300px\" srcset=\"http:\/\/oeildupeuple.info\/wp-content\/uploads\/2020\/10\/received_628085451219890-1-300x225.jpeg 300w, http:\/\/oeildupeuple.info\/wp-content\/uploads\/2020\/10\/received_628085451219890-1-768x576.jpeg 768w, http:\/\/oeildupeuple.info\/wp-content\/uploads\/2020\/10\/received_628085451219890-1-80x60.jpeg 80w, http:\/\/oeildupeuple.info\/wp-content\/uploads\/2020\/10\/received_628085451219890-1-265x198.jpeg 265w, http:\/\/oeildupeuple.info\/wp-content\/uploads\/2020\/10\/received_628085451219890-1-696x522.jpeg 696w, http:\/\/oeildupeuple.info\/wp-content\/uploads\/2020\/10\/received_628085451219890-1-560x420.jpeg 560w, http:\/\/oeildupeuple.info\/wp-content\/uploads\/2020\/10\/received_628085451219890-1-750x563.jpeg 750w, http:\/\/oeildupeuple.info\/wp-content\/uploads\/2020\/10\/received_628085451219890-1.jpeg 945w\" alt=\"\" \/><\/a>\u00ab\u00a0Ces jeunes ont la volont\u00e9 qu\u2019il y ait de la paix sur le Littoral et l\u2019Axe. Ils viennent, encore une fois, de d\u00e9montrer que sans la paix, on ne peut rien faire. Ces jeunes se sont donn\u00e9 la main pour qu\u2019il y ait la paix sur les deux axes. Ils ont men\u00e9 des campagnes de sensibilisation dans les quartiers, les gu\u00e9ttos, un peu partout. Il faut encourager ces jeunes, parce que, ils ont la confiance qu\u2019il faut la lutte pour qu\u2019il y ait la paix. Quand on est jeune, l\u2019avenir de ce pays nous appartient. Et, sans la paix, on ne peut rien construire. Quand on regarde la Sierra-Leone et le Lib\u00e9ria, on ne souhaite pas que ces m\u00eames \u00e9v\u00e8nements arrivent \u00e0 notre pays. Je pense qu\u2019\u00e0 travers ces jeunes, le message est bien pass\u00e9. Nous allons continuer \u00e0 sensibiliser et prier pour que les \u00e9lections qui doivent se tenir dans quelques jours, se passent tr\u00e8s bien et qu\u2019apr\u00e8s, qu\u2019il ait toujours la paix\u00a0\u00bb, a soutenu Bakary Diaby.<\/p>\n<p><strong>Bolokada Sano\u00a0<\/strong><\/p>\n","protected":false},"excerpt":{"rendered":"<p>Pour promouvoir la paix et la quietude sociale, la coalition des jeunes leaders de Ratoma pour la paix a organis\u00e9 un grand meeting de sensibilisation \u00e0 la maison des jeunes de Ratoma. Cette fusion et l\u2019initiative que la coordinatrice Mme Sylla Adama a mis en place, est symbole de la paix et du vivre-ensemble avant, [&hellip;]<\/p>\n","protected":false},"author":2,"featured_media":20631,"comment_status":"open","ping_status":"closed","sticky":false,"template":"","format":"standard","meta":{"buzzeditor_post_format":"","footnotes":""},"categories":[2,42,46],"tags":[],"class_list":["post-20630","post","type-post","status-publish","format-standard","has-post-thumbnail","hentry","category-featured","category-news","category-societe"],"jetpack_featured_media_url":"https:\/\/guineechrono.com\/wp-content\/uploads\/2020\/10\/received_3188696411241376.jpeg","amp_enabled":true,"_links":{"self":[{"href":"https:\/\/guineechrono.com\/index.php\/wp-json\/wp\/v2\/posts\/20630","targetHints":{"allow":["GET"]}}],"collection":[{"href":"https:\/\/guineechrono.com\/index.php\/wp-json\/wp\/v2\/posts"}],"about":[{"href":"https:\/\/guineechrono.com\/index.php\/wp-json\/wp\/v2\/types\/post"}],"author":[{"embeddable":true,"href":"https:\/\/guineechrono.com\/index.php\/wp-json\/wp\/v2\/users\/2"}],"replies":[{"embeddable":true,"href":"https:\/\/guineechrono.com\/index.php\/wp-json\/wp\/v2\/comments?post=20630"}],"version-history":[{"count":0,"href":"https:\/\/guineechrono.com\/index.php\/wp-json\/wp\/v2\/posts\/20630\/revisions"}],"wp:featuredmedia":[{"embeddable":true,"href":"https:\/\/guineechrono.com\/index.php\/wp-json\/wp\/v2\/media\/20631"}],"wp:attachment":[{"href":"https:\/\/guineechrono.com\/index.php\/wp-json\/wp\/v2\/media?parent=20630"}],"wp:term":[{"taxonomy":"category","embeddable":true,"href":"https:\/\/guineechrono.com\/index.php\/wp-json\/wp\/v2\/categories?post=20630"},{"taxonomy":"post_tag","embeddable":true,"href":"https:\/\/guineechrono.com\/index.php\/wp-json\/wp\/v2\/tags?post=20630"}],"curies":[{"name":"wp","href":"https:\/\/api.w.org\/{rel}","templated":true}]}}