{"id":21618,"date":"2020-11-20T16:39:55","date_gmt":"2020-11-20T15:39:55","guid":{"rendered":"https:\/\/guineechrono.com\/?p=21618"},"modified":"2020-11-20T16:39:55","modified_gmt":"2020-11-20T15:39:55","slug":"guinee-litterature-cest-parti-pour-la-4eme-edition-du-salon-international-du-livre-de-jeunesse","status":"publish","type":"post","link":"https:\/\/guineechrono.com\/index.php\/guinee-litterature-cest-parti-pour-la-4eme-edition-du-salon-international-du-livre-de-jeunesse\/","title":{"rendered":"Guin\u00e9e\/Litt\u00e9rature : c\u2019est parti pour la 4\u00e8me \u00e9dition du salon international du livre de jeunesse"},"content":{"rendered":"<p><strong>Comme pr\u00e9vue, la 4<sup>\u00e8me<\/sup> \u00e9dition du salon international\u00a0 du livre de jeunesse de Conakry\u00a0 a \u00e9t\u00e9 lanc\u00e9 hier jeudi 19 novembre au centre culturel franco-guin\u00e9en sous le th\u00e8me \u201d le num\u00e9rique,\u00a0 une opportunit\u00e9 pour le livre de jeunesse \u00bb.<\/strong><\/p>\n<p>Cette 4eme \u00e9dition a r\u00e9uni des membres du gouvernement, des \u00e9diteurs guin\u00e9ens, Ivoiriens et S\u00e9n\u00e9galais e fran\u00e7ais. C\u2019est initiative des \u00e9ditions Ganndal et elle se d\u00e9roulera durant quatre jours.<\/p>\n<p>Dans son intervention, Aliou Sow, d\u00e9l\u00e9gu\u00e9 g\u00e9n\u00e9ral dudit salon revient sur l\u2019objectif de l\u2019\u00e9v\u00e9nement. \u00ab\u00a0L\u2019objectif premier\u00a0 de cette 4\u00e8me \u00e9dition est de susciter les habitudes d\u2019abord. Ensuite, les comp\u00e9tences de lecture chez les enfants. L\u2019autre objectif est commercial\u00a0; parce que, nous souhaitons que le public\u00a0: les parents,\u00a0enseignants et autres viennent d\u00e9couvrir les livres et qu\u2019ils en ach\u00e8tent pour leurs enfants\u00a0\u00bb, a-t-il indiqu\u00e9.<\/p>\n<p>De son c\u00f4t\u00e9, le repr\u00e9sentant du minist\u00e8re de la culture et du patrimoine historique parle l\u2019importance de cette quatri\u00e8me \u00e9dition. \u00ab\u00a0L\u2019objectif majeur de cet \u00e9v\u00e9nement est\u00a0 un imp\u00e9ratif du d\u00e9veloppement durable qui n\u00e9cessite la cr\u00e9ation des provisions d\u2019acc\u00e8s aux livres qui s\u2019inspirent la jeunesse \u00e0 la culture de la lecture\u00a0\u00bb, pr\u00e9cise-t-il.<\/p>\n<p><strong>Salifou Bountou Camara <\/strong><\/p>\n<p>&nbsp;<\/p>\n","protected":false},"excerpt":{"rendered":"<p>Comme pr\u00e9vue, la 4\u00e8me \u00e9dition du salon international\u00a0 du livre de jeunesse de Conakry\u00a0 a \u00e9t\u00e9 lanc\u00e9 hier jeudi 19 novembre au centre culturel franco-guin\u00e9en sous le th\u00e8me \u201d le num\u00e9rique,\u00a0 une opportunit\u00e9 pour le livre de jeunesse \u00bb. Cette 4eme \u00e9dition a r\u00e9uni des membres du gouvernement, des \u00e9diteurs guin\u00e9ens, Ivoiriens et S\u00e9n\u00e9galais e [&hellip;]<\/p>\n","protected":false},"author":2,"featured_media":21622,"comment_status":"open","ping_status":"closed","sticky":false,"template":"","format":"standard","meta":{"buzzeditor_post_format":"","footnotes":""},"categories":[47],"tags":[],"class_list":["post-21618","post","type-post","status-publish","format-standard","has-post-thumbnail","hentry","category-culture"],"jetpack_featured_media_url":"https:\/\/guineechrono.com\/wp-content\/uploads\/2020\/11\/ganndal.jpg","amp_enabled":true,"_links":{"self":[{"href":"https:\/\/guineechrono.com\/index.php\/wp-json\/wp\/v2\/posts\/21618","targetHints":{"allow":["GET"]}}],"collection":[{"href":"https:\/\/guineechrono.com\/index.php\/wp-json\/wp\/v2\/posts"}],"about":[{"href":"https:\/\/guineechrono.com\/index.php\/wp-json\/wp\/v2\/types\/post"}],"author":[{"embeddable":true,"href":"https:\/\/guineechrono.com\/index.php\/wp-json\/wp\/v2\/users\/2"}],"replies":[{"embeddable":true,"href":"https:\/\/guineechrono.com\/index.php\/wp-json\/wp\/v2\/comments?post=21618"}],"version-history":[{"count":0,"href":"https:\/\/guineechrono.com\/index.php\/wp-json\/wp\/v2\/posts\/21618\/revisions"}],"wp:featuredmedia":[{"embeddable":true,"href":"https:\/\/guineechrono.com\/index.php\/wp-json\/wp\/v2\/media\/21622"}],"wp:attachment":[{"href":"https:\/\/guineechrono.com\/index.php\/wp-json\/wp\/v2\/media?parent=21618"}],"wp:term":[{"taxonomy":"category","embeddable":true,"href":"https:\/\/guineechrono.com\/index.php\/wp-json\/wp\/v2\/categories?post=21618"},{"taxonomy":"post_tag","embeddable":true,"href":"https:\/\/guineechrono.com\/index.php\/wp-json\/wp\/v2\/tags?post=21618"}],"curies":[{"name":"wp","href":"https:\/\/api.w.org\/{rel}","templated":true}]}}