{"id":21639,"date":"2020-11-21T23:02:04","date_gmt":"2020-11-21T22:02:04","guid":{"rendered":"https:\/\/guineechrono.com\/?p=21639"},"modified":"2020-11-21T23:11:23","modified_gmt":"2020-11-21T22:11:23","slug":"formation-85-jeunes-jeunes-guineens-beneficient-des-certificats","status":"publish","type":"post","link":"https:\/\/guineechrono.com\/index.php\/formation-85-jeunes-jeunes-guineens-beneficient-des-certificats\/","title":{"rendered":"Formation: 85 jeunes guin\u00e9ens b\u00e9n\u00e9ficient des certificats"},"content":{"rendered":"<p><strong>Dans le cadre du projet booster les comp\u00e9tences \u00e0 l&#8217;employabilite des jeunes, la soci\u00e9t\u00e9 Africa \u00c9lite avec l&rsquo;Agence Guin\u00e9enne pour la Promotion de l&rsquo;Emploi (AGUIPE) a organis\u00e9 ce samedi,21 novembre 2020 \u00e0 l&rsquo;Universit\u00e9 Koffi Annan dans la commune de Ratoma. La c\u00e9r\u00e9monie de remise de 85 jeunes b\u00e9n\u00e9ficiaires s&rsquo;est d\u00e9roul\u00e9e sous la pr\u00e9sidence de Thierno Illiassa Diallo.<\/strong><\/p>\n<p>Durant trois mois, ces jeunes ont suivi de formation en comptabilit\u00e9, community manager, en assistanat et commerce.Dans la salle, ils sont nombreux \u00e0 se r\u00e9jouir de la qualit\u00e9 de la formation r\u00e9\u00e7ue.<\/p>\n<p>\u201cCette formation nous a permis de consolider nos connaissances en g\u00e9n\u00e9ral et de confirmer notre passion sur le domaine commercial en particulier. D\u00e9sormais, nous sommes d\u00e9finitivement convaincus de nous orienter dans le secteur qui nous convient.<br \/>\nCette id\u00e9e de nous envoyer dans des entreprises pour les stages pratiques o\u00f9, certains d\u2019entre nous ont eu la chance de transformer ces stages en emploi furent tr\u00e8s enrichissants. Nous pouvons donc \u00eatre fiers de ce dipl\u00f4me et de notre formation qui nous donne des atouts importants pour notre vie professionnelle\u201d a d\u00e9clar\u00e9 Mme Komara Aicha<\/p>\n<p><a href=\"https:\/\/guineeprogres.net\/wp-content\/uploads\/2020\/11\/20201121_191816.jpg\"><img fetchpriority=\"high\" decoding=\"async\" class=\"alignnone size-medium wp-image-11357\" src=\"https:\/\/guineeprogres.net\/wp-content\/uploads\/2020\/11\/20201121_191816-300x251.jpg\" sizes=\"(max-width: 300px) 100vw, 300px\" srcset=\"https:\/\/guineeprogres.net\/wp-content\/uploads\/2020\/11\/20201121_191816-300x251.jpg 300w, https:\/\/guineeprogres.net\/wp-content\/uploads\/2020\/11\/20201121_191816-1024x858.jpg 1024w, https:\/\/guineeprogres.net\/wp-content\/uploads\/2020\/11\/20201121_191816-768x644.jpg 768w, https:\/\/guineeprogres.net\/wp-content\/uploads\/2020\/11\/20201121_191816-1536x1287.jpg 1536w, https:\/\/guineeprogres.net\/wp-content\/uploads\/2020\/11\/20201121_191816-2048x1717.jpg 2048w\" alt=\"\" width=\"300\" height=\"251\" \/><\/a><\/p>\n<p>Satisfait d\u2019accomplir sa mision dans le cadre de cette formation,Ibrahima Kalil Kourouma se dit tr\u00e8s recconnaissant envers les initiateurs \u201cpermet moi de remercier le projet booster les comp\u00e9tences \u00e0 travers l\u2019Agence guin\u00e9enne pour la promotion de l\u2019Emploi (L\u2019AGUIPE), surtout le gouvernement guin\u00e9en pour cette initiative d\u2019accompagner les jeunes pour leur employabilit\u00e9.\u00e7a \u00e9t\u00e9 une tr\u00e8s belle aventure, je demande \u00e0 tous les jeunes guin\u00e9ens \u00e0 croire au projet booster les comp\u00e9tances, \u00e0 aller \u00e0 (L\u2019AGUIPE) pour \u00eatre selectionn\u00e9 afin de suivre une formation adapt\u00e9e pour leur employabilit\u00e9\u201d.<\/p>\n<p>Il faut noter que le cabinet Africa consulting accompagne non seulement les jeunes dans le cadre de la formation adapt\u00e9e, mais aussi leur insertion dans les Entreprises.<\/p>\n<p><strong>Bolokada Sano\u00a0<\/strong><\/p>\n<p><strong>666515171<\/strong><\/p>\n","protected":false},"excerpt":{"rendered":"<p>Dans le cadre du projet booster les comp\u00e9tences \u00e0 l&#8217;employabilite des jeunes, la soci\u00e9t\u00e9 Africa \u00c9lite avec l&rsquo;Agence Guin\u00e9enne pour la Promotion de l&rsquo;Emploi (AGUIPE) a organis\u00e9 ce samedi,21 novembre 2020 \u00e0 l&rsquo;Universit\u00e9 Koffi Annan dans la commune de Ratoma. La c\u00e9r\u00e9monie de remise de 85 jeunes b\u00e9n\u00e9ficiaires s&rsquo;est d\u00e9roul\u00e9e sous la pr\u00e9sidence de Thierno [&hellip;]<\/p>\n","protected":false},"author":2,"featured_media":0,"comment_status":"open","ping_status":"closed","sticky":false,"template":"","format":"standard","meta":{"buzzeditor_post_format":"","footnotes":""},"categories":[2,42,46],"tags":[],"class_list":["post-21639","post","type-post","status-publish","format-standard","hentry","category-featured","category-news","category-societe"],"jetpack_featured_media_url":"","amp_enabled":true,"_links":{"self":[{"href":"https:\/\/guineechrono.com\/index.php\/wp-json\/wp\/v2\/posts\/21639","targetHints":{"allow":["GET"]}}],"collection":[{"href":"https:\/\/guineechrono.com\/index.php\/wp-json\/wp\/v2\/posts"}],"about":[{"href":"https:\/\/guineechrono.com\/index.php\/wp-json\/wp\/v2\/types\/post"}],"author":[{"embeddable":true,"href":"https:\/\/guineechrono.com\/index.php\/wp-json\/wp\/v2\/users\/2"}],"replies":[{"embeddable":true,"href":"https:\/\/guineechrono.com\/index.php\/wp-json\/wp\/v2\/comments?post=21639"}],"version-history":[{"count":0,"href":"https:\/\/guineechrono.com\/index.php\/wp-json\/wp\/v2\/posts\/21639\/revisions"}],"wp:attachment":[{"href":"https:\/\/guineechrono.com\/index.php\/wp-json\/wp\/v2\/media?parent=21639"}],"wp:term":[{"taxonomy":"category","embeddable":true,"href":"https:\/\/guineechrono.com\/index.php\/wp-json\/wp\/v2\/categories?post=21639"},{"taxonomy":"post_tag","embeddable":true,"href":"https:\/\/guineechrono.com\/index.php\/wp-json\/wp\/v2\/tags?post=21639"}],"curies":[{"name":"wp","href":"https:\/\/api.w.org\/{rel}","templated":true}]}}